
{"id":8983,"date":"2008-01-11T15:58:00","date_gmt":"2008-01-11T15:58:00","guid":{"rendered":"http:\/\/adamczewscy.pl\/?p=1005"},"modified":"2008-01-11T15:58:00","modified_gmt":"2008-01-11T15:58:00","slug":"gruszki-w-polewie-czekoladowej","status":"publish","type":"post","link":"https:\/\/blog.polityka.pl\/adamczewski\/2008\/01\/11\/gruszki-w-polewie-czekoladowej\/","title":{"rendered":"Gruszki w polewie czekoladowej"},"content":{"rendered":"<p>(6 porcji)<br \/>\n6 gruszek z kompotu.  Polewa: 1\/2 kostki mas\u0142a, 1\/2 szklanki wody, 1\/2 szklanki mleka, 2 \u0142y\u017cki cukru, 2 \u0142y\u017ceczki cukru waniliowego, 3 \u0142y\u017cki kakao, kilka kropli olejku rumowego lub kieliszek koniaku, gar\u015b\u0107 rodzynek.<br \/>\n1. Po\u0142\u00f3wki gruszek z kompotu u\u0142o\u017cy\u0107 na p\u00f3\u0142misku. (Je\u015bli chcemy u\u017cy\u0107 gruszek \u015bwie\u017cych nale\u017cy obrane po\u0142\u00f3wki gotowa\u0107 ok. 10 min w os\u0142odzonej  wodzie z go\u009fdzikiem).<br \/>\n2. Przygotowa\u0107 polew\u0119: mas\u0142o, wod\u0119, mleko, cukier, cukier waniliowy, kakao, gotowa\u0107, mieszaj\u0105c w rondelku na ma\u0142ym ogniu przez ok. 15 min. Do jeszcze ciep\u0142ej  polewy doda\u0107 olejek rumowy albo koniak oraz rodzynki, pola\u0107 ni\u0105 gruszki. Ozi\u0119bi\u0107.<\/p>\n","protected":false},"excerpt":{"rendered":"<p>(6 porcji) 6 gruszek z kompotu. Polewa: 1\/2 kostki mas\u0142a, 1\/2 szklanki wody, 1\/2 szklanki mleka, 2 \u0142y\u017cki cukru, 2 \u0142y\u017ceczki cukru waniliowego, 3 \u0142y\u017cki kakao, kilka kropli olejku rumowego lub kieliszek koniaku, gar\u015b\u0107 rodzynek. 1. Po\u0142\u00f3wki gruszek z kompotu u\u0142o\u017cy\u0107 na p\u00f3\u0142misku. (Je\u015bli chcemy u\u017cy\u0107 gruszek \u015bwie\u017cych nale\u017cy obrane po\u0142\u00f3wki gotowa\u0107 ok. 10 min [&hellip;]<\/p>\n","protected":false},"author":2,"featured_media":0,"comment_status":"open","ping_status":"open","sticky":false,"template":"","format":"standard","meta":{"footnotes":""},"categories":[1],"tags":[],"_links":{"self":[{"href":"https:\/\/blog.polityka.pl\/adamczewski\/wp-json\/wp\/v2\/posts\/8983"}],"collection":[{"href":"https:\/\/blog.polityka.pl\/adamczewski\/wp-json\/wp\/v2\/posts"}],"about":[{"href":"https:\/\/blog.polityka.pl\/adamczewski\/wp-json\/wp\/v2\/types\/post"}],"author":[{"embeddable":true,"href":"https:\/\/blog.polityka.pl\/adamczewski\/wp-json\/wp\/v2\/users\/2"}],"replies":[{"embeddable":true,"href":"https:\/\/blog.polityka.pl\/adamczewski\/wp-json\/wp\/v2\/comments?post=8983"}],"version-history":[{"count":0,"href":"https:\/\/blog.polityka.pl\/adamczewski\/wp-json\/wp\/v2\/posts\/8983\/revisions"}],"wp:attachment":[{"href":"https:\/\/blog.polityka.pl\/adamczewski\/wp-json\/wp\/v2\/media?parent=8983"}],"wp:term":[{"taxonomy":"category","embeddable":true,"href":"https:\/\/blog.polityka.pl\/adamczewski\/wp-json\/wp\/v2\/categories?post=8983"},{"taxonomy":"post_tag","embeddable":true,"href":"https:\/\/blog.polityka.pl\/adamczewski\/wp-json\/wp\/v2\/tags?post=8983"}],"curies":[{"name":"wp","href":"https:\/\/api.w.org\/{rel}","templated":true}]}}