
{"id":902,"date":"2009-05-13T08:00:05","date_gmt":"2009-05-13T06:00:05","guid":{"rendered":"http:\/\/adamczewski.blog.polityka.pl\/?p=902"},"modified":"2009-05-11T14:08:08","modified_gmt":"2009-05-11T12:08:08","slug":"zgadnij-co-gotujemy133","status":"publish","type":"post","link":"https:\/\/blog.polityka.pl\/adamczewski\/2009\/05\/13\/zgadnij-co-gotujemy133\/","title":{"rendered":"Zgadnij co gotujemy?(133)"},"content":{"rendered":"<p>Dzi\u015b quiz maj\u0105cy dla mnie specjalne znaczenie. Si\u0142\u0105 rzeczy i dla Was te\u017c, poniewa\u017c bardzo b\u0119d\u0119 si\u0119 stara\u0142 by wymy\u015bli\u0107 trudne pytania. (Cho\u0107 prawd\u0119 m\u00f3wi\u0105c wiem, \u017ce dla naszej blogowej spo\u0142eczno\u015bci trudnych pyta\u0144 w tych kwestiach nie ma.)<\/p>\n<p>A dlaczego tak staram si\u0119 Wam utrudni\u0107 dzi\u015b \u017cycie? Poniewa\u017c nagrod\u0105 jest nasze najnowsze dziecko\u00a0&#8211; &#8222;W\u0119dr\u00f3wka po sto\u0142ach Europy&#8221;. W dodatku\u00a0&#8211; naszym zdaniem\u00a0 i pierwszych recenzent\u00f3w te\u017c\u00a0&#8211; jest to ksi\u0105\u017cka bardzo \u0142adnie wydana.\u00a0 Wydawca &#8211; Nowy \u015awiat postara\u0142 si\u0119 nadzwyczaj. I ok\u0142adka Agnieszki Herman (dzi\u0119kujemy) i opracowanie graficzne wn\u0119trza, a tak\u017ce praca redaktorki s\u0105 na najwy\u017cszym poziomie. O naszym autorskim trudzie nie b\u0119d\u0119 si\u0119 wypowiada\u0142. To nale\u017cy do Czytelnik\u00f3w. Kupi\u0105 lub nie. Wy za\u015b\u00a0&#8211; blogowa sitwo\u00a0&#8211; mo\u017cecie \u00f3w trud tylu ludzi dosta\u0107 (i to z autografami oraz dedykacj\u0105) za ranne przebudzenie i pewien wysi\u0142ek umys\u0142owy. No to do roboty.<\/p>\n<p>\u00a0<img loading=\"lazy\" decoding=\"async\" class=\"aligncenter size-full wp-image-904\" title=\"blogwedrowki-okladka-duza\" src=\"\/wp-content\/uploads\/2009\/05\/blogwedrowki-okladka-duza.jpg\" alt=\"\" width=\"315\" height=\"450\" srcset=\"\/adamczewski\/wp-content\/uploads\/2009\/05\/blogwedrowki-okladka-duza.jpg 315w, \/adamczewski\/wp-content\/uploads\/2009\/05\/blogwedrowki-okladka-duza-210x300.jpg 210w\" sizes=\"(max-width: 315px) 100vw, 315px\" \/><\/p>\n<p>\u00a01\u00a0&#8211; Wiener shnitzel to czysty plagiat, no powiedzmy, ze lekko zmodyfikowany, co by\u0142o pierwowzorem tego popisowego dania wiede\u0144skich kucharzy?<\/p>\n<p>2\u00a0&#8211; Co by\u0142o g\u0142\u00f3wnym daniem na pierwszym noblowskim balu i jakie s\u0142ynne kobiety \u00f3w bal u\u015bwietnia\u0142y?<\/p>\n<p>3\u00a0&#8211; Pisarz epoki Renesansu\u00a0&#8211; Tasso\u00a0 uwieczni\u0142 w swej tw\u00f3rczo\u015bci nazwisko karczmarza, kt\u00f3ry wynalaz\u0142 tortellini; na czyim p\u0119pku wzorowa\u0142 si\u0119 \u00f3w karczmarz tworz\u0105c kszta\u0142t tego piero\u017cka?<\/p>\n<p>Wystarczy poszpera\u0107 w pami\u0119ci, a t\u0119 macie bardzo dobr\u0105 czego cz\u0119sto do\u015bwiadczam gdy mi wypominacie powt\u00f3rki, by poda\u0107 prawid\u0142owe odpowiedzi i wys\u0142a\u0107 je na adres <a href=\"mailto:internet@polityka.com.pl\">internet@polityka.com.pl<\/a> a potem tylko czeka\u0107 na listonosza. Na razie czekam ja.<\/p>\n<p>\u00a0<\/p>\n<p>\u00a0<\/p>\n","protected":false},"excerpt":{"rendered":"<p>Dzi\u015b quiz maj\u0105cy dla mnie specjalne znaczenie. Si\u0142\u0105 rzeczy i dla Was te\u017c, poniewa\u017c bardzo b\u0119d\u0119 si\u0119 stara\u0142 by wymy\u015bli\u0107 trudne pytania. (Cho\u0107 prawd\u0119 m\u00f3wi\u0105c wiem, \u017ce dla naszej blogowej spo\u0142eczno\u015bci trudnych pyta\u0144 w tych kwestiach nie ma.) A dlaczego tak staram si\u0119 Wam utrudni\u0107 dzi\u015b \u017cycie? Poniewa\u017c nagrod\u0105 jest nasze najnowsze dziecko\u00a0&#8211; &#8222;W\u0119dr\u00f3wka po [&hellip;]<\/p>\n","protected":false},"author":2,"featured_media":0,"comment_status":"open","ping_status":"open","sticky":false,"template":"","format":"standard","meta":{"footnotes":""},"categories":[1],"tags":[],"_links":{"self":[{"href":"https:\/\/blog.polityka.pl\/adamczewski\/wp-json\/wp\/v2\/posts\/902"}],"collection":[{"href":"https:\/\/blog.polityka.pl\/adamczewski\/wp-json\/wp\/v2\/posts"}],"about":[{"href":"https:\/\/blog.polityka.pl\/adamczewski\/wp-json\/wp\/v2\/types\/post"}],"author":[{"embeddable":true,"href":"https:\/\/blog.polityka.pl\/adamczewski\/wp-json\/wp\/v2\/users\/2"}],"replies":[{"embeddable":true,"href":"https:\/\/blog.polityka.pl\/adamczewski\/wp-json\/wp\/v2\/comments?post=902"}],"version-history":[{"count":0,"href":"https:\/\/blog.polityka.pl\/adamczewski\/wp-json\/wp\/v2\/posts\/902\/revisions"}],"wp:attachment":[{"href":"https:\/\/blog.polityka.pl\/adamczewski\/wp-json\/wp\/v2\/media?parent=902"}],"wp:term":[{"taxonomy":"category","embeddable":true,"href":"https:\/\/blog.polityka.pl\/adamczewski\/wp-json\/wp\/v2\/categories?post=902"},{"taxonomy":"post_tag","embeddable":true,"href":"https:\/\/blog.polityka.pl\/adamczewski\/wp-json\/wp\/v2\/tags?post=902"}],"curies":[{"name":"wp","href":"https:\/\/api.w.org\/{rel}","templated":true}]}}