
{"id":9028,"date":"2008-01-11T15:58:00","date_gmt":"2008-01-11T15:58:00","guid":{"rendered":"http:\/\/adamczewscy.pl\/?p=1052"},"modified":"2008-01-11T15:58:00","modified_gmt":"2008-01-11T15:58:00","slug":"salata-szparagowa","status":"publish","type":"post","link":"https:\/\/blog.polityka.pl\/adamczewski\/2008\/01\/11\/salata-szparagowa\/","title":{"rendered":"Sa\u0142ata szparagowa"},"content":{"rendered":"<p>(4 porcje)<\/p>\n<p>1 p\u0119czek szparag\u00f3w (1\/2 kg)<br \/>\n2 szklanki roso\u0142u z kostki<br \/>\npieprz<br \/>\ncukier<br \/>\n2 \u0142y\u017cki octu winnego<br \/>\n4 \u0142y\u017cki oliwy<\/p>\n<p>Szparagi obra\u0107 z twardych w\u0142\u00f3kien, ugotowa\u0107 w rosole, ostudzi\u0107, pokroi\u0107 na kawa\u0142ki, roz\u0142o\u017cy\u0107 w szerokiej salaterce, posypa\u0107 pieprzem i cukrem, pola\u0107 octem i oliw\u0105.<\/p>\n","protected":false},"excerpt":{"rendered":"<p>(4 porcje) 1 p\u0119czek szparag\u00f3w (1\/2 kg) 2 szklanki roso\u0142u z kostki pieprz cukier 2 \u0142y\u017cki octu winnego 4 \u0142y\u017cki oliwy Szparagi obra\u0107 z twardych w\u0142\u00f3kien, ugotowa\u0107 w rosole, ostudzi\u0107, pokroi\u0107 na kawa\u0142ki, roz\u0142o\u017cy\u0107 w szerokiej salaterce, posypa\u0107 pieprzem i cukrem, pola\u0107 octem i oliw\u0105.<\/p>\n","protected":false},"author":2,"featured_media":0,"comment_status":"open","ping_status":"open","sticky":false,"template":"","format":"standard","meta":{"footnotes":""},"categories":[1],"tags":[],"_links":{"self":[{"href":"https:\/\/blog.polityka.pl\/adamczewski\/wp-json\/wp\/v2\/posts\/9028"}],"collection":[{"href":"https:\/\/blog.polityka.pl\/adamczewski\/wp-json\/wp\/v2\/posts"}],"about":[{"href":"https:\/\/blog.polityka.pl\/adamczewski\/wp-json\/wp\/v2\/types\/post"}],"author":[{"embeddable":true,"href":"https:\/\/blog.polityka.pl\/adamczewski\/wp-json\/wp\/v2\/users\/2"}],"replies":[{"embeddable":true,"href":"https:\/\/blog.polityka.pl\/adamczewski\/wp-json\/wp\/v2\/comments?post=9028"}],"version-history":[{"count":0,"href":"https:\/\/blog.polityka.pl\/adamczewski\/wp-json\/wp\/v2\/posts\/9028\/revisions"}],"wp:attachment":[{"href":"https:\/\/blog.polityka.pl\/adamczewski\/wp-json\/wp\/v2\/media?parent=9028"}],"wp:term":[{"taxonomy":"category","embeddable":true,"href":"https:\/\/blog.polityka.pl\/adamczewski\/wp-json\/wp\/v2\/categories?post=9028"},{"taxonomy":"post_tag","embeddable":true,"href":"https:\/\/blog.polityka.pl\/adamczewski\/wp-json\/wp\/v2\/tags?post=9028"}],"curies":[{"name":"wp","href":"https:\/\/api.w.org\/{rel}","templated":true}]}}