
{"id":9030,"date":"2008-01-11T15:58:00","date_gmt":"2008-01-11T15:58:00","guid":{"rendered":"http:\/\/adamczewscy.pl\/?p=1054"},"modified":"2008-01-11T15:58:00","modified_gmt":"2008-01-11T15:58:00","slug":"salata-z-ogorkow","status":"publish","type":"post","link":"https:\/\/blog.polityka.pl\/adamczewski\/2008\/01\/11\/salata-z-ogorkow\/","title":{"rendered":"Sa\u0142ata z og\u00f3rk\u00f3w"},"content":{"rendered":"<p>(6 porcji)<\/p>\n<p>3\u00964 w\u0105skie zielone og\u00f3rki<br \/>\n1\/2 \u0142y\u017ceczki soli<br \/>\n1\/2 szklanki octu<br \/>\n2\u00963 \u0142y\u017cki oliwy<br \/>\n1 \u0142y\u017cka octu winnego<br \/>\npieprz<br \/>\n2 \u0142y\u017cki siekanego kopru lub pietruszki<\/p>\n<p>Og\u00f3rki obra\u0107, pokroi\u0107 na cienkie plasterki, posoli\u0107. Zagotowa\u0107 ocet i wrz\u0105cy wla\u0107 do og\u00f3rk\u00f3w. Przykry\u0107 talerzykiem i obci\u0105\u017cy\u0107. Po 30 minutach wyla\u0107 p\u0142yn, zaprawi\u0107 sa\u0142at\u0119 octem, oliw\u0105, pieprzem i siekanym koprem.<\/p>\n","protected":false},"excerpt":{"rendered":"<p>(6 porcji) 3\u00964 w\u0105skie zielone og\u00f3rki 1\/2 \u0142y\u017ceczki soli 1\/2 szklanki octu 2\u00963 \u0142y\u017cki oliwy 1 \u0142y\u017cka octu winnego pieprz 2 \u0142y\u017cki siekanego kopru lub pietruszki Og\u00f3rki obra\u0107, pokroi\u0107 na cienkie plasterki, posoli\u0107. Zagotowa\u0107 ocet i wrz\u0105cy wla\u0107 do og\u00f3rk\u00f3w. Przykry\u0107 talerzykiem i obci\u0105\u017cy\u0107. Po 30 minutach wyla\u0107 p\u0142yn, zaprawi\u0107 sa\u0142at\u0119 octem, oliw\u0105, pieprzem i [&hellip;]<\/p>\n","protected":false},"author":2,"featured_media":0,"comment_status":"open","ping_status":"open","sticky":false,"template":"","format":"standard","meta":{"footnotes":""},"categories":[1],"tags":[],"_links":{"self":[{"href":"https:\/\/blog.polityka.pl\/adamczewski\/wp-json\/wp\/v2\/posts\/9030"}],"collection":[{"href":"https:\/\/blog.polityka.pl\/adamczewski\/wp-json\/wp\/v2\/posts"}],"about":[{"href":"https:\/\/blog.polityka.pl\/adamczewski\/wp-json\/wp\/v2\/types\/post"}],"author":[{"embeddable":true,"href":"https:\/\/blog.polityka.pl\/adamczewski\/wp-json\/wp\/v2\/users\/2"}],"replies":[{"embeddable":true,"href":"https:\/\/blog.polityka.pl\/adamczewski\/wp-json\/wp\/v2\/comments?post=9030"}],"version-history":[{"count":0,"href":"https:\/\/blog.polityka.pl\/adamczewski\/wp-json\/wp\/v2\/posts\/9030\/revisions"}],"wp:attachment":[{"href":"https:\/\/blog.polityka.pl\/adamczewski\/wp-json\/wp\/v2\/media?parent=9030"}],"wp:term":[{"taxonomy":"category","embeddable":true,"href":"https:\/\/blog.polityka.pl\/adamczewski\/wp-json\/wp\/v2\/categories?post=9030"},{"taxonomy":"post_tag","embeddable":true,"href":"https:\/\/blog.polityka.pl\/adamczewski\/wp-json\/wp\/v2\/tags?post=9030"}],"curies":[{"name":"wp","href":"https:\/\/api.w.org\/{rel}","templated":true}]}}