
{"id":9038,"date":"2008-01-11T15:58:00","date_gmt":"2008-01-11T15:58:00","guid":{"rendered":"http:\/\/adamczewscy.pl\/?p=1062"},"modified":"2008-01-11T15:58:00","modified_gmt":"2008-01-11T15:58:00","slug":"tak-zwane-pieczarki","status":"publish","type":"post","link":"https:\/\/blog.polityka.pl\/adamczewski\/2008\/01\/11\/tak-zwane-pieczarki\/","title":{"rendered":"Tak zwane \u0084pieczarki\u0094"},"content":{"rendered":"<p>(4 porcje)<\/p>\n<p>1\/2 kg pieczarek<br \/>\n3 \u0142y\u017cki sklarowanego mas\u0142a<br \/>\n1 niewielka cebula<br \/>\ns\u00f3l<br \/>\npieprz<br \/>\nPieczarki umy\u0107, wi\u0119ksze poprzekrawa\u0107. Zala\u0107 wrz\u0105c\u0105 wod\u0105 i obgotowa\u0107, a\u017c b\u0119d\u0105 mi\u0119kkie. Podsma\u017cy\u0107 w ma\u015ble posiekan\u0105 cebul\u0119, doda\u0107 pieczarki, posypa\u0107 sol\u0105 oraz pieprzem i chwil\u0119 dusi\u0107.<br \/>\nAutorka doradza tak\u017ce, aby zamiast w ma\u015ble dusi\u0107 pieczarki w mleku lub \u015bmietanie.<\/p>\n","protected":false},"excerpt":{"rendered":"<p>(4 porcje) 1\/2 kg pieczarek 3 \u0142y\u017cki sklarowanego mas\u0142a 1 niewielka cebula s\u00f3l pieprz Pieczarki umy\u0107, wi\u0119ksze poprzekrawa\u0107. Zala\u0107 wrz\u0105c\u0105 wod\u0105 i obgotowa\u0107, a\u017c b\u0119d\u0105 mi\u0119kkie. Podsma\u017cy\u0107 w ma\u015ble posiekan\u0105 cebul\u0119, doda\u0107 pieczarki, posypa\u0107 sol\u0105 oraz pieprzem i chwil\u0119 dusi\u0107. Autorka doradza tak\u017ce, aby zamiast w ma\u015ble dusi\u0107 pieczarki w mleku lub \u015bmietanie.<\/p>\n","protected":false},"author":2,"featured_media":0,"comment_status":"open","ping_status":"open","sticky":false,"template":"","format":"standard","meta":{"footnotes":""},"categories":[1],"tags":[],"_links":{"self":[{"href":"https:\/\/blog.polityka.pl\/adamczewski\/wp-json\/wp\/v2\/posts\/9038"}],"collection":[{"href":"https:\/\/blog.polityka.pl\/adamczewski\/wp-json\/wp\/v2\/posts"}],"about":[{"href":"https:\/\/blog.polityka.pl\/adamczewski\/wp-json\/wp\/v2\/types\/post"}],"author":[{"embeddable":true,"href":"https:\/\/blog.polityka.pl\/adamczewski\/wp-json\/wp\/v2\/users\/2"}],"replies":[{"embeddable":true,"href":"https:\/\/blog.polityka.pl\/adamczewski\/wp-json\/wp\/v2\/comments?post=9038"}],"version-history":[{"count":0,"href":"https:\/\/blog.polityka.pl\/adamczewski\/wp-json\/wp\/v2\/posts\/9038\/revisions"}],"wp:attachment":[{"href":"https:\/\/blog.polityka.pl\/adamczewski\/wp-json\/wp\/v2\/media?parent=9038"}],"wp:term":[{"taxonomy":"category","embeddable":true,"href":"https:\/\/blog.polityka.pl\/adamczewski\/wp-json\/wp\/v2\/categories?post=9038"},{"taxonomy":"post_tag","embeddable":true,"href":"https:\/\/blog.polityka.pl\/adamczewski\/wp-json\/wp\/v2\/tags?post=9038"}],"curies":[{"name":"wp","href":"https:\/\/api.w.org\/{rel}","templated":true}]}}