
{"id":9046,"date":"2008-01-11T15:58:00","date_gmt":"2008-01-11T15:58:00","guid":{"rendered":"http:\/\/adamczewscy.pl\/?p=1070"},"modified":"2008-01-11T15:58:00","modified_gmt":"2008-01-11T15:58:00","slug":"duszone-gruszki","status":"publish","type":"post","link":"https:\/\/blog.polityka.pl\/adamczewski\/2008\/01\/11\/duszone-gruszki\/","title":{"rendered":"Duszone gruszki"},"content":{"rendered":"<p>4\u00966 twardych gruszek<br \/>\nsk\u00f3rka z po\u0142owy cytryny<br \/>\n1 1\/2 szklanki cukru<br \/>\n2 go\u009fdziki<br \/>\nkawa\u0142ek laski cynamonu<br \/>\n1\/2 szklanki czerwonego wina<\/p>\n<p>Gruszki obra\u0107, przekroi\u0107 na po\u0142\u00f3wki, usun\u0105\u0107 gniazda nasienne.<br \/>\nZagotowa\u0107 wod\u0119 z cukrem, winem, cynamonem, sk\u00f3rk\u0105 cytrynow\u0105 i go\u009fdzikami. W\u0142o\u017cy\u0107 gruszki i gotowa\u0107, a\u017c b\u0119d\u0105 mi\u0119kkie. Pod koniec mo\u017cna doda\u0107 1\u00962 jab\u0142ka, kt\u00f3re rozgotowuj\u0105c si\u0119 sprawi\u0105, \u017ce powstanie zawiesisty sos. Sosem nale\u017cy pola\u0107 gruszki.<\/p>\n","protected":false},"excerpt":{"rendered":"<p>4\u00966 twardych gruszek sk\u00f3rka z po\u0142owy cytryny 1 1\/2 szklanki cukru 2 go\u009fdziki kawa\u0142ek laski cynamonu 1\/2 szklanki czerwonego wina Gruszki obra\u0107, przekroi\u0107 na po\u0142\u00f3wki, usun\u0105\u0107 gniazda nasienne. Zagotowa\u0107 wod\u0119 z cukrem, winem, cynamonem, sk\u00f3rk\u0105 cytrynow\u0105 i go\u009fdzikami. W\u0142o\u017cy\u0107 gruszki i gotowa\u0107, a\u017c b\u0119d\u0105 mi\u0119kkie. Pod koniec mo\u017cna doda\u0107 1\u00962 jab\u0142ka, kt\u00f3re rozgotowuj\u0105c si\u0119 sprawi\u0105, [&hellip;]<\/p>\n","protected":false},"author":2,"featured_media":0,"comment_status":"open","ping_status":"open","sticky":false,"template":"","format":"standard","meta":{"footnotes":""},"categories":[1],"tags":[],"_links":{"self":[{"href":"https:\/\/blog.polityka.pl\/adamczewski\/wp-json\/wp\/v2\/posts\/9046"}],"collection":[{"href":"https:\/\/blog.polityka.pl\/adamczewski\/wp-json\/wp\/v2\/posts"}],"about":[{"href":"https:\/\/blog.polityka.pl\/adamczewski\/wp-json\/wp\/v2\/types\/post"}],"author":[{"embeddable":true,"href":"https:\/\/blog.polityka.pl\/adamczewski\/wp-json\/wp\/v2\/users\/2"}],"replies":[{"embeddable":true,"href":"https:\/\/blog.polityka.pl\/adamczewski\/wp-json\/wp\/v2\/comments?post=9046"}],"version-history":[{"count":0,"href":"https:\/\/blog.polityka.pl\/adamczewski\/wp-json\/wp\/v2\/posts\/9046\/revisions"}],"wp:attachment":[{"href":"https:\/\/blog.polityka.pl\/adamczewski\/wp-json\/wp\/v2\/media?parent=9046"}],"wp:term":[{"taxonomy":"category","embeddable":true,"href":"https:\/\/blog.polityka.pl\/adamczewski\/wp-json\/wp\/v2\/categories?post=9046"},{"taxonomy":"post_tag","embeddable":true,"href":"https:\/\/blog.polityka.pl\/adamczewski\/wp-json\/wp\/v2\/tags?post=9046"}],"curies":[{"name":"wp","href":"https:\/\/api.w.org\/{rel}","templated":true}]}}