
{"id":905,"date":"2009-05-14T08:00:53","date_gmt":"2009-05-14T06:00:53","guid":{"rendered":"http:\/\/adamczewski.blog.polityka.pl\/?p=905"},"modified":"2009-05-11T16:40:27","modified_gmt":"2009-05-11T14:40:27","slug":"burzowo-i-pachnaco","status":"publish","type":"post","link":"https:\/\/blog.polityka.pl\/adamczewski\/2009\/05\/14\/burzowo-i-pachnaco\/","title":{"rendered":"Burzowo i pachn\u0105co"},"content":{"rendered":"<p>Miniony weekend by\u0142\u00a0 wspania\u0142y. Ciep\u0142o &#8211; cho\u0107 w nocy temperatura gwa\u0142townie spada\u0142a, s\u0142onecznie\u00a0&#8211; ale co jaki\u015b czas niebo zas\u0142ania\u0142y burzowe chmury, grzmia\u0142o, b\u0142yska\u0142o i&#8230;wreszcie pada\u0142o! Co prawda te kr\u00f3tkie ulewy (bo la\u0142o mocno) od\u015bwie\u017cy\u0142y traw\u0119 i kwiaty ale wewn\u0105trz lasu wilgoci jeszcze stanowczo za ma\u0142o. Mo\u017ce teraz popada, bo nad Warszaw\u0105 chmury w poniedzia\u0142ek by\u0142y g\u0119ste.<\/p>\n<p>\u00a0<img loading=\"lazy\" decoding=\"async\" class=\"aligncenter size-full wp-image-906\" title=\"blogp51000021\" src=\"\/wp-content\/uploads\/2009\/05\/blogp51000021.jpg\" alt=\"\" width=\"450\" height=\"338\" srcset=\"\/adamczewski\/wp-content\/uploads\/2009\/05\/blogp51000021.jpg 450w, \/adamczewski\/wp-content\/uploads\/2009\/05\/blogp51000021-300x225.jpg 300w\" sizes=\"(max-width: 450px) 100vw, 450px\" \/><\/p>\n<p>\u00a0<em>Bez, czeremcha&#8230;<\/em><\/p>\n<p>Obok werandy rozkwit\u0142 bez i czeremcha. Kwitnie te\u017c \u015bliwka, wi\u015bnia i\u00a0&#8211; z drugiej strony domu, w lesie\u00a0&#8211; g\u0119sto konwalie.\u00a0 Praca na werandzie po\u015br\u00f3d tych zapach\u00f3w, \u015bpiewu trznadla i wilgi, kt\u00f3ra zwiastuje deszcz to wielka frajda. Tak wielka, \u017ce Basi &#8222;wci\u0119\u0142o&#8221; ponad 200 tys. znak\u00f3w nowej ksi\u0105\u017cki. (Na szcz\u0119\u015bcie ocala\u0142 m\u00f3j wst\u0119p i nauka gotowania. ) Nie p\u0142aka\u0142a d\u0142ugo, bo przypomnia\u0142em jej, i\u017c w Warszawie mam ten tekst zduplikowany na swoim dysku. Strata wi\u0119c mniejsza\u00a0&#8211; tylko to co napisa\u0142a w weekend. A to te \u015bpiewy ptak\u00f3w przyczyni\u0142y si\u0119 do nieszcz\u0119\u015bcia. Tak si\u0119 autorka zas\u0142ucha\u0142a i rozanieli\u0142a.<\/p>\n<p>\u00a0<img loading=\"lazy\" decoding=\"async\" class=\"aligncenter size-full wp-image-907\" title=\"lecinblogp5100004\" src=\"\/wp-content\/uploads\/2009\/05\/lecinblogp5100004.jpg\" alt=\"\" width=\"450\" height=\"338\" srcset=\"\/adamczewski\/wp-content\/uploads\/2009\/05\/lecinblogp5100004.jpg 450w, \/adamczewski\/wp-content\/uploads\/2009\/05\/lecinblogp5100004-300x225.jpg 300w\" sizes=\"(max-width: 450px) 100vw, 450px\" \/><\/p>\n<p>\u00a0<em>&#8230; i konwalie<\/em><br \/>\nPo raz pierwszy chyba zakwitnie rododendron. Mamy od kilku lat dwa pi\u0119kne krzaki rosn\u0105ce tu\u017c pod domem ale dopiero w tym roku wyros\u0142y im dorodne, wielkie p\u0105ki. Ciekawe jakiego b\u0119d\u0105 koloru kwiaty?<\/p>\n<p>Kuba ( nasz wnuk) przez sobot\u0119 i niedziel\u0119 pracowa\u0142 u s\u0105siad\u00f3w jako drwal. Wyr\u0105ba\u0142 wszystkie usch\u0142e sosny a by\u0142o tego sporo. Tak zarabia na wakacje. Dla drwala trzeba by\u0142o zrobi\u0107 po\u017cywny obiad. By\u0142a wi\u0119c wielka piecze\u0144 barania w \u015bmietanie z buraczkami i smakowitymi kluchami. Kolejny obiad\u00a0&#8211; wienerschnitzel z ziemniakami puree oraz szparagami. M\u0142ody cz\u0142owiek mia\u0142 taki apetyt, \u017ce jedli\u015bmy szybko boj\u0105c si\u0119 i\u017c i nasze porcje poch\u0142onie.<\/p>\n<p>Na szcz\u0119\u015bcie jeszcze nie dobiera si\u0119 do naszego wina zadowalaj\u0105c si\u0119 jedn\u0105 ma\u0142\u0105 porcj\u0105. A co b\u0119dzie gdy ca\u0142kiem doro\u015bnie i rozsmakuje si\u0119 w naszych ulubionych gatunkach?<\/p>\n<p>Tym razem\u00a0 pili\u015bmy\u00a0 Rosso Conero na zmian\u0119 z rose Santa Digna. Pierwsze do baranka a drugie do wiede\u0144skiego sznycla (bia\u0142e si\u0119 wyczerpa\u0142o). No wi\u0119c teraz ju\u017c jasne, \u017ce koniec ubieg\u0142ego tygodnia wspominamy z rozrzewnieniem.<\/p>\n<p>\u00a0<\/p>\n","protected":false},"excerpt":{"rendered":"<p>Miniony weekend by\u0142\u00a0 wspania\u0142y. Ciep\u0142o &#8211; cho\u0107 w nocy temperatura gwa\u0142townie spada\u0142a, s\u0142onecznie\u00a0&#8211; ale co jaki\u015b czas niebo zas\u0142ania\u0142y burzowe chmury, grzmia\u0142o, b\u0142yska\u0142o i&#8230;wreszcie pada\u0142o! Co prawda te kr\u00f3tkie ulewy (bo la\u0142o mocno) od\u015bwie\u017cy\u0142y traw\u0119 i kwiaty ale wewn\u0105trz lasu wilgoci jeszcze stanowczo za ma\u0142o. Mo\u017ce teraz popada, bo nad Warszaw\u0105 chmury w poniedzia\u0142ek by\u0142y [&hellip;]<\/p>\n","protected":false},"author":2,"featured_media":0,"comment_status":"open","ping_status":"open","sticky":false,"template":"","format":"standard","meta":{"footnotes":""},"categories":[1],"tags":[],"_links":{"self":[{"href":"https:\/\/blog.polityka.pl\/adamczewski\/wp-json\/wp\/v2\/posts\/905"}],"collection":[{"href":"https:\/\/blog.polityka.pl\/adamczewski\/wp-json\/wp\/v2\/posts"}],"about":[{"href":"https:\/\/blog.polityka.pl\/adamczewski\/wp-json\/wp\/v2\/types\/post"}],"author":[{"embeddable":true,"href":"https:\/\/blog.polityka.pl\/adamczewski\/wp-json\/wp\/v2\/users\/2"}],"replies":[{"embeddable":true,"href":"https:\/\/blog.polityka.pl\/adamczewski\/wp-json\/wp\/v2\/comments?post=905"}],"version-history":[{"count":0,"href":"https:\/\/blog.polityka.pl\/adamczewski\/wp-json\/wp\/v2\/posts\/905\/revisions"}],"wp:attachment":[{"href":"https:\/\/blog.polityka.pl\/adamczewski\/wp-json\/wp\/v2\/media?parent=905"}],"wp:term":[{"taxonomy":"category","embeddable":true,"href":"https:\/\/blog.polityka.pl\/adamczewski\/wp-json\/wp\/v2\/categories?post=905"},{"taxonomy":"post_tag","embeddable":true,"href":"https:\/\/blog.polityka.pl\/adamczewski\/wp-json\/wp\/v2\/tags?post=905"}],"curies":[{"name":"wp","href":"https:\/\/api.w.org\/{rel}","templated":true}]}}