
{"id":9056,"date":"2008-01-11T15:58:00","date_gmt":"2008-01-11T15:58:00","guid":{"rendered":"http:\/\/adamczewscy.pl\/?p=1080"},"modified":"2008-01-11T15:58:00","modified_gmt":"2008-01-11T15:58:00","slug":"kluski-na-drozdzach","status":"publish","type":"post","link":"https:\/\/blog.polityka.pl\/adamczewski\/2008\/01\/11\/kluski-na-drozdzach\/","title":{"rendered":"Kluski na dro\u017cd\u017cach"},"content":{"rendered":"<p>(4\u00966 porcji)<\/p>\n<p>2 szklanki m\u0105ki<br \/>\n1\/2 \u0142y\u017ceczki soli<br \/>\n3 dag dro\u017cd\u017cy<br \/>\nok. 1 szklanki wody<\/p>\n<p>Zagnie\u015b\u0107 podane sk\u0142adniki: ciasto powinno by\u0107 do\u015b\u0107 lekkie i mi\u0119kkie.<br \/>\nNat\u0142uszczonymi lub umaczanymi w m\u0105ce r\u0119kami uformowa\u0107 kluski wielko\u015bci du\u017cego orzecha w\u0142oskiego. Odstawi\u0107 do wyro\u015bni\u0119cia. Wrzuca\u0107 do wody i gotowa\u0107 jak kluski kartoflane.<br \/>\nKluski te mo\u017cna nadziewa\u0107 powid\u0142ami lub d\u017cemem: w ka\u017cdej le\u017c\u0105cej ju\u017c do wyrastania klusce zrobi\u0107 wg\u0142\u0119bienie, na\u0142o\u017cy\u0107 p\u00f3\u0142 \u0142y\u017ceczki nadzienia z powide\u0142 z dodatkiem sk\u00f3rki cytrynowej, cukru i siekanych migda\u0142\u00f3w, po czym przykry\u0107 kawa\u0142kiem ciasta, kt\u00f3ry nale\u017cy po\u0142\u0105czy\u0107 z pozosta\u0142\u0105 cz\u0119\u015bci\u0105 kluski. Kluski nadziewane powinny by\u0107 troch\u0119 wi\u0119ksze ni\u017c te bez nadzienia.<\/p>\n","protected":false},"excerpt":{"rendered":"<p>(4\u00966 porcji) 2 szklanki m\u0105ki 1\/2 \u0142y\u017ceczki soli 3 dag dro\u017cd\u017cy ok. 1 szklanki wody Zagnie\u015b\u0107 podane sk\u0142adniki: ciasto powinno by\u0107 do\u015b\u0107 lekkie i mi\u0119kkie. Nat\u0142uszczonymi lub umaczanymi w m\u0105ce r\u0119kami uformowa\u0107 kluski wielko\u015bci du\u017cego orzecha w\u0142oskiego. Odstawi\u0107 do wyro\u015bni\u0119cia. Wrzuca\u0107 do wody i gotowa\u0107 jak kluski kartoflane. Kluski te mo\u017cna nadziewa\u0107 powid\u0142ami lub d\u017cemem: [&hellip;]<\/p>\n","protected":false},"author":2,"featured_media":0,"comment_status":"open","ping_status":"open","sticky":false,"template":"","format":"standard","meta":{"footnotes":""},"categories":[1],"tags":[],"_links":{"self":[{"href":"https:\/\/blog.polityka.pl\/adamczewski\/wp-json\/wp\/v2\/posts\/9056"}],"collection":[{"href":"https:\/\/blog.polityka.pl\/adamczewski\/wp-json\/wp\/v2\/posts"}],"about":[{"href":"https:\/\/blog.polityka.pl\/adamczewski\/wp-json\/wp\/v2\/types\/post"}],"author":[{"embeddable":true,"href":"https:\/\/blog.polityka.pl\/adamczewski\/wp-json\/wp\/v2\/users\/2"}],"replies":[{"embeddable":true,"href":"https:\/\/blog.polityka.pl\/adamczewski\/wp-json\/wp\/v2\/comments?post=9056"}],"version-history":[{"count":0,"href":"https:\/\/blog.polityka.pl\/adamczewski\/wp-json\/wp\/v2\/posts\/9056\/revisions"}],"wp:attachment":[{"href":"https:\/\/blog.polityka.pl\/adamczewski\/wp-json\/wp\/v2\/media?parent=9056"}],"wp:term":[{"taxonomy":"category","embeddable":true,"href":"https:\/\/blog.polityka.pl\/adamczewski\/wp-json\/wp\/v2\/categories?post=9056"},{"taxonomy":"post_tag","embeddable":true,"href":"https:\/\/blog.polityka.pl\/adamczewski\/wp-json\/wp\/v2\/tags?post=9056"}],"curies":[{"name":"wp","href":"https:\/\/api.w.org\/{rel}","templated":true}]}}