
{"id":9058,"date":"2008-01-11T15:58:00","date_gmt":"2008-01-11T15:58:00","guid":{"rendered":"http:\/\/adamczewscy.pl\/?p=1082"},"modified":"2008-01-11T15:58:00","modified_gmt":"2008-01-11T15:58:00","slug":"kluski-z-bulki","status":"publish","type":"post","link":"https:\/\/blog.polityka.pl\/adamczewski\/2008\/01\/11\/kluski-z-bulki\/","title":{"rendered":"Kluski z bu\u0142ki"},"content":{"rendered":"<p>(6 porcji)<\/p>\n<p>4 czerstwe bu\u0142ki<br \/>\n1 szklanka tartej bu\u0142ki<br \/>\n4 jajka<br \/>\n8 posiekanych migda\u0142\u00f3w<br \/>\n1 \u0142y\u017ceczka mas\u0142a<br \/>\n1 \u0142y\u017ceczka soku cytrynowego<br \/>\n1 \u0142y\u017cka cukru<\/p>\n<p>Bu\u0142ki namoczy\u0107, odcisn\u0105\u0107 i dok\u0142adnie rozdrobni\u0107. Doda\u0107 migda\u0142y, mas\u0142o, sok cytrynowy i jaja oraz tart\u0105 bu\u0142k\u0119 i dok\u0142adnie wyrobi\u0107 ciasto.<br \/>\nFormowa\u0107 niewielkie pod\u0142u\u017cne kluski. Gotowa\u0107 w lekko osolonej wodzie.<br \/>\nKluski te autorka radzi podawa\u0107 jako dodatek do potraw z gotowanych warzyw.<\/p>\n","protected":false},"excerpt":{"rendered":"<p>(6 porcji) 4 czerstwe bu\u0142ki 1 szklanka tartej bu\u0142ki 4 jajka 8 posiekanych migda\u0142\u00f3w 1 \u0142y\u017ceczka mas\u0142a 1 \u0142y\u017ceczka soku cytrynowego 1 \u0142y\u017cka cukru Bu\u0142ki namoczy\u0107, odcisn\u0105\u0107 i dok\u0142adnie rozdrobni\u0107. Doda\u0107 migda\u0142y, mas\u0142o, sok cytrynowy i jaja oraz tart\u0105 bu\u0142k\u0119 i dok\u0142adnie wyrobi\u0107 ciasto. Formowa\u0107 niewielkie pod\u0142u\u017cne kluski. Gotowa\u0107 w lekko osolonej wodzie. Kluski te [&hellip;]<\/p>\n","protected":false},"author":2,"featured_media":0,"comment_status":"open","ping_status":"open","sticky":false,"template":"","format":"standard","meta":{"footnotes":""},"categories":[1],"tags":[],"_links":{"self":[{"href":"https:\/\/blog.polityka.pl\/adamczewski\/wp-json\/wp\/v2\/posts\/9058"}],"collection":[{"href":"https:\/\/blog.polityka.pl\/adamczewski\/wp-json\/wp\/v2\/posts"}],"about":[{"href":"https:\/\/blog.polityka.pl\/adamczewski\/wp-json\/wp\/v2\/types\/post"}],"author":[{"embeddable":true,"href":"https:\/\/blog.polityka.pl\/adamczewski\/wp-json\/wp\/v2\/users\/2"}],"replies":[{"embeddable":true,"href":"https:\/\/blog.polityka.pl\/adamczewski\/wp-json\/wp\/v2\/comments?post=9058"}],"version-history":[{"count":0,"href":"https:\/\/blog.polityka.pl\/adamczewski\/wp-json\/wp\/v2\/posts\/9058\/revisions"}],"wp:attachment":[{"href":"https:\/\/blog.polityka.pl\/adamczewski\/wp-json\/wp\/v2\/media?parent=9058"}],"wp:term":[{"taxonomy":"category","embeddable":true,"href":"https:\/\/blog.polityka.pl\/adamczewski\/wp-json\/wp\/v2\/categories?post=9058"},{"taxonomy":"post_tag","embeddable":true,"href":"https:\/\/blog.polityka.pl\/adamczewski\/wp-json\/wp\/v2\/tags?post=9058"}],"curies":[{"name":"wp","href":"https:\/\/api.w.org\/{rel}","templated":true}]}}