
{"id":9061,"date":"2008-01-11T15:58:00","date_gmt":"2008-01-11T14:58:00","guid":{"rendered":"http:\/\/adamczewscy.pl\/?p=1085"},"modified":"2008-01-11T15:58:00","modified_gmt":"2008-01-11T14:58:00","slug":"pulpety-z-watrobki-na-sposob-wiedenski","status":"publish","type":"post","link":"https:\/\/blog.polityka.pl\/adamczewski\/2008\/01\/11\/pulpety-z-watrobki-na-sposob-wiedenski\/","title":{"rendered":"Pulpety z w\u0105tr\u00f3bki na spos\u00f3b wiede\u0144ski"},"content":{"rendered":"<p>(4\u00966 porcji)<\/p>\n<p>15 dag ciel\u0119cej lub kurzej w\u0105tr\u00f3bki<br \/>\n1 cebula<br \/>\n2 \u0142y\u017cki siekanej zielonej pietruszki<br \/>\n1 jajko<br \/>\ns\u00f3l<br \/>\n1 \u0142y\u017ceczka siekanego szczypiorku<br \/>\n2 czerstwe bu\u0142ki<br \/>\n1 szklanka tartej bu\u0142ki<br \/>\ndo gotowania: 2 szklanki bulionu z kostki<\/p>\n<p>W\u0105tr\u00f3bk\u0119 posieka\u0107 (lub zmieli\u0107 w maszynce do mi\u0119sa) wraz z cebul\u0105. Wymiesza\u0107 mas\u0119 z jajkiem, sol\u0105 i szczypiorkiem. Namoczy\u0107 bu\u0142ki w wodzie, wycisn\u0105\u0107, rozetrze\u0107 na jednorodn\u0105 mas\u0119, doda\u0107 do w\u0105tr\u00f3bki i dosypuj\u0105c tart\u0105 bu\u0142k\u0119, przygotowa\u0107 do\u015b\u0107 g\u0119ste ciasto. Formowa\u0107 pulpety wielko\u015bci orzecha w\u0142oskiego.<br \/>\nGotowa\u0107 we wrz\u0105cym bulionie.<br \/>\nPulpety s\u0105 doskona\u0142e do wszelkich zup gotowanych na mi\u0119sie lub jako dodatek do mi\u0119s.<\/p>\n","protected":false},"excerpt":{"rendered":"<p>(4\u00966 porcji) 15 dag ciel\u0119cej lub kurzej w\u0105tr\u00f3bki 1 cebula 2 \u0142y\u017cki siekanej zielonej pietruszki 1 jajko s\u00f3l 1 \u0142y\u017ceczka siekanego szczypiorku 2 czerstwe bu\u0142ki 1 szklanka tartej bu\u0142ki do gotowania: 2 szklanki bulionu z kostki W\u0105tr\u00f3bk\u0119 posieka\u0107 (lub zmieli\u0107 w maszynce do mi\u0119sa) wraz z cebul\u0105. Wymiesza\u0107 mas\u0119 z jajkiem, sol\u0105 i szczypiorkiem. Namoczy\u0107 [&hellip;]<\/p>\n","protected":false},"author":2,"featured_media":0,"comment_status":"open","ping_status":"open","sticky":false,"template":"","format":"standard","meta":{"footnotes":""},"categories":[1],"tags":[],"_links":{"self":[{"href":"https:\/\/blog.polityka.pl\/adamczewski\/wp-json\/wp\/v2\/posts\/9061"}],"collection":[{"href":"https:\/\/blog.polityka.pl\/adamczewski\/wp-json\/wp\/v2\/posts"}],"about":[{"href":"https:\/\/blog.polityka.pl\/adamczewski\/wp-json\/wp\/v2\/types\/post"}],"author":[{"embeddable":true,"href":"https:\/\/blog.polityka.pl\/adamczewski\/wp-json\/wp\/v2\/users\/2"}],"replies":[{"embeddable":true,"href":"https:\/\/blog.polityka.pl\/adamczewski\/wp-json\/wp\/v2\/comments?post=9061"}],"version-history":[{"count":0,"href":"https:\/\/blog.polityka.pl\/adamczewski\/wp-json\/wp\/v2\/posts\/9061\/revisions"}],"wp:attachment":[{"href":"https:\/\/blog.polityka.pl\/adamczewski\/wp-json\/wp\/v2\/media?parent=9061"}],"wp:term":[{"taxonomy":"category","embeddable":true,"href":"https:\/\/blog.polityka.pl\/adamczewski\/wp-json\/wp\/v2\/categories?post=9061"},{"taxonomy":"post_tag","embeddable":true,"href":"https:\/\/blog.polityka.pl\/adamczewski\/wp-json\/wp\/v2\/tags?post=9061"}],"curies":[{"name":"wp","href":"https:\/\/api.w.org\/{rel}","templated":true}]}}