
{"id":9062,"date":"2008-01-11T15:58:00","date_gmt":"2008-01-11T15:58:00","guid":{"rendered":"http:\/\/adamczewscy.pl\/?p=1086"},"modified":"2008-01-11T15:58:00","modified_gmt":"2008-01-11T15:58:00","slug":"kluski-z-serem","status":"publish","type":"post","link":"https:\/\/blog.polityka.pl\/adamczewski\/2008\/01\/11\/kluski-z-serem\/","title":{"rendered":"Kluski z serem"},"content":{"rendered":"<p>(4\u00966 porcji)<\/p>\n<p>40 dag bia\u0142ego t\u0142ustego twarogu<br \/>\n1 \u0142y\u017cka mas\u0142a<br \/>\n2 jajka<br \/>\n2 \u0142y\u017cki cukru<br \/>\nszczypta soli<br \/>\n2 \u0142y\u017cki drobnych rodzynek<br \/>\nco najmniej szklanka tartej bu\u0142ki lub m\u0105ki<\/p>\n<p>Wyrobi\u0107 ciasto z twarogu, mas\u0142a, soli, cukru, jaj, rodzynek i tartej bu\u0142ki lub m\u0105ki. Formowa\u0107 niewielkie okr\u0105g\u0142e i sp\u0142aszczone kluski. Gotowa\u0107 we wrz\u0105cej, lekko osolonej wodzie. Kiedy wyp\u0142yn\u0105 na wierzch i pogotuj\u0105 si\u0119<br \/>\n2 minuty, mo\u017cna je odcedzi\u0107.<br \/>\nPodawa\u0107 oblane roztopionym mas\u0142em lub sosem holenderskim.<\/p>\n","protected":false},"excerpt":{"rendered":"<p>(4\u00966 porcji) 40 dag bia\u0142ego t\u0142ustego twarogu 1 \u0142y\u017cka mas\u0142a 2 jajka 2 \u0142y\u017cki cukru szczypta soli 2 \u0142y\u017cki drobnych rodzynek co najmniej szklanka tartej bu\u0142ki lub m\u0105ki Wyrobi\u0107 ciasto z twarogu, mas\u0142a, soli, cukru, jaj, rodzynek i tartej bu\u0142ki lub m\u0105ki. Formowa\u0107 niewielkie okr\u0105g\u0142e i sp\u0142aszczone kluski. Gotowa\u0107 we wrz\u0105cej, lekko osolonej wodzie. Kiedy [&hellip;]<\/p>\n","protected":false},"author":2,"featured_media":0,"comment_status":"open","ping_status":"open","sticky":false,"template":"","format":"standard","meta":{"footnotes":""},"categories":[1],"tags":[],"_links":{"self":[{"href":"https:\/\/blog.polityka.pl\/adamczewski\/wp-json\/wp\/v2\/posts\/9062"}],"collection":[{"href":"https:\/\/blog.polityka.pl\/adamczewski\/wp-json\/wp\/v2\/posts"}],"about":[{"href":"https:\/\/blog.polityka.pl\/adamczewski\/wp-json\/wp\/v2\/types\/post"}],"author":[{"embeddable":true,"href":"https:\/\/blog.polityka.pl\/adamczewski\/wp-json\/wp\/v2\/users\/2"}],"replies":[{"embeddable":true,"href":"https:\/\/blog.polityka.pl\/adamczewski\/wp-json\/wp\/v2\/comments?post=9062"}],"version-history":[{"count":0,"href":"https:\/\/blog.polityka.pl\/adamczewski\/wp-json\/wp\/v2\/posts\/9062\/revisions"}],"wp:attachment":[{"href":"https:\/\/blog.polityka.pl\/adamczewski\/wp-json\/wp\/v2\/media?parent=9062"}],"wp:term":[{"taxonomy":"category","embeddable":true,"href":"https:\/\/blog.polityka.pl\/adamczewski\/wp-json\/wp\/v2\/categories?post=9062"},{"taxonomy":"post_tag","embeddable":true,"href":"https:\/\/blog.polityka.pl\/adamczewski\/wp-json\/wp\/v2\/tags?post=9062"}],"curies":[{"name":"wp","href":"https:\/\/api.w.org\/{rel}","templated":true}]}}