
{"id":9105,"date":"2008-01-11T15:58:00","date_gmt":"2008-01-11T15:58:00","guid":{"rendered":"http:\/\/adamczewscy.pl\/?p=1132"},"modified":"2008-01-11T15:58:00","modified_gmt":"2008-01-11T15:58:00","slug":"sos-szparagowy","status":"publish","type":"post","link":"https:\/\/blog.polityka.pl\/adamczewski\/2008\/01\/11\/sos-szparagowy\/","title":{"rendered":"Sos szparagowy"},"content":{"rendered":"<p>2 szklanki wywaru ze szparag\u00f3w<br \/>\n3 \u017c\u00f3\u0142tka<br \/>\ns\u00f3l<br \/>\n1 kieliszek rumu lub 1 szklanka bia\u0142ego wina<br \/>\n2 \u0142y\u017cki m\u0105ki<br \/>\n4\u0096-5 plasterk\u00f3w cytryny<br \/>\nkawa\u0142ek posiekanej sk\u00f3rki cytrynowej<br \/>\n1 \u0142y\u017cka cukru<\/p>\n<p>Zagotowa\u0107 wywar ze szparag\u00f3w, wino lub rum, plasterki cytryny i siekan\u0105 sk\u00f3rk\u0119 cytrynow\u0105. Doda\u0107 wymieszan\u0105 z wod\u0105 m\u0105k\u0119 i ponownie zagotowa\u0107. Lekko ostudzi\u0107. \u017b\u00f3\u0142tka rozmiesza\u0107 z kilkoma \u0142y\u017ckami sch\u0142odzonego sosu i doda\u0107 do reszty gor\u0105cego jeszcze sosu. Wymiesza\u0107.<br \/>\nSos ten doskonale smakuje do szparag\u00f3w.<\/p>\n","protected":false},"excerpt":{"rendered":"<p>2 szklanki wywaru ze szparag\u00f3w 3 \u017c\u00f3\u0142tka s\u00f3l 1 kieliszek rumu lub 1 szklanka bia\u0142ego wina 2 \u0142y\u017cki m\u0105ki 4\u0096-5 plasterk\u00f3w cytryny kawa\u0142ek posiekanej sk\u00f3rki cytrynowej 1 \u0142y\u017cka cukru Zagotowa\u0107 wywar ze szparag\u00f3w, wino lub rum, plasterki cytryny i siekan\u0105 sk\u00f3rk\u0119 cytrynow\u0105. Doda\u0107 wymieszan\u0105 z wod\u0105 m\u0105k\u0119 i ponownie zagotowa\u0107. Lekko ostudzi\u0107. \u017b\u00f3\u0142tka rozmiesza\u0107 z [&hellip;]<\/p>\n","protected":false},"author":2,"featured_media":0,"comment_status":"open","ping_status":"open","sticky":false,"template":"","format":"standard","meta":{"footnotes":""},"categories":[1],"tags":[],"_links":{"self":[{"href":"https:\/\/blog.polityka.pl\/adamczewski\/wp-json\/wp\/v2\/posts\/9105"}],"collection":[{"href":"https:\/\/blog.polityka.pl\/adamczewski\/wp-json\/wp\/v2\/posts"}],"about":[{"href":"https:\/\/blog.polityka.pl\/adamczewski\/wp-json\/wp\/v2\/types\/post"}],"author":[{"embeddable":true,"href":"https:\/\/blog.polityka.pl\/adamczewski\/wp-json\/wp\/v2\/users\/2"}],"replies":[{"embeddable":true,"href":"https:\/\/blog.polityka.pl\/adamczewski\/wp-json\/wp\/v2\/comments?post=9105"}],"version-history":[{"count":0,"href":"https:\/\/blog.polityka.pl\/adamczewski\/wp-json\/wp\/v2\/posts\/9105\/revisions"}],"wp:attachment":[{"href":"https:\/\/blog.polityka.pl\/adamczewski\/wp-json\/wp\/v2\/media?parent=9105"}],"wp:term":[{"taxonomy":"category","embeddable":true,"href":"https:\/\/blog.polityka.pl\/adamczewski\/wp-json\/wp\/v2\/categories?post=9105"},{"taxonomy":"post_tag","embeddable":true,"href":"https:\/\/blog.polityka.pl\/adamczewski\/wp-json\/wp\/v2\/tags?post=9105"}],"curies":[{"name":"wp","href":"https:\/\/api.w.org\/{rel}","templated":true}]}}