
{"id":9106,"date":"2008-01-11T15:58:00","date_gmt":"2008-01-11T15:58:00","guid":{"rendered":"http:\/\/adamczewscy.pl\/?p=1134"},"modified":"2008-01-11T15:58:00","modified_gmt":"2008-01-11T15:58:00","slug":"inny-sos-chrzanowy","status":"publish","type":"post","link":"https:\/\/blog.polityka.pl\/adamczewski\/2008\/01\/11\/inny-sos-chrzanowy\/","title":{"rendered":"Inny sos chrzanowy"},"content":{"rendered":"<p>4 kwa\u015bne, dobrze rozgotowuj\u0105ce si\u0119 jab\u0142ka<br \/>\n2 \u0142y\u017cki cukru<br \/>\n1\/2 korzenia chrzanu<br \/>\n1 \u0142y\u017cka octu<\/p>\n<p>Jab\u0142ka obra\u0107, pokroi\u0107 na cz\u0105stki, doda\u0107 cukier i rozgotowa\u0107 na mus. W tym czasie obra\u0107 i rozdrobni\u0107 chrzan, siekaj\u0105c go lub ucieraj\u0105c na drobnej tarce jarzynowej. Do rozgotowanych jab\u0142ek doda\u0107 chrzan, pozosta\u0142y cukier i jeszcze raz zagotowa\u0107.<br \/>\nTen sos polecany jest szczeg\u00f3lnie do pieczeni wo\u0142owej lub sztufady.<\/p>\n","protected":false},"excerpt":{"rendered":"<p>4 kwa\u015bne, dobrze rozgotowuj\u0105ce si\u0119 jab\u0142ka 2 \u0142y\u017cki cukru 1\/2 korzenia chrzanu 1 \u0142y\u017cka octu Jab\u0142ka obra\u0107, pokroi\u0107 na cz\u0105stki, doda\u0107 cukier i rozgotowa\u0107 na mus. W tym czasie obra\u0107 i rozdrobni\u0107 chrzan, siekaj\u0105c go lub ucieraj\u0105c na drobnej tarce jarzynowej. Do rozgotowanych jab\u0142ek doda\u0107 chrzan, pozosta\u0142y cukier i jeszcze raz zagotowa\u0107. Ten sos polecany [&hellip;]<\/p>\n","protected":false},"author":2,"featured_media":0,"comment_status":"open","ping_status":"open","sticky":false,"template":"","format":"standard","meta":{"footnotes":""},"categories":[1],"tags":[],"_links":{"self":[{"href":"https:\/\/blog.polityka.pl\/adamczewski\/wp-json\/wp\/v2\/posts\/9106"}],"collection":[{"href":"https:\/\/blog.polityka.pl\/adamczewski\/wp-json\/wp\/v2\/posts"}],"about":[{"href":"https:\/\/blog.polityka.pl\/adamczewski\/wp-json\/wp\/v2\/types\/post"}],"author":[{"embeddable":true,"href":"https:\/\/blog.polityka.pl\/adamczewski\/wp-json\/wp\/v2\/users\/2"}],"replies":[{"embeddable":true,"href":"https:\/\/blog.polityka.pl\/adamczewski\/wp-json\/wp\/v2\/comments?post=9106"}],"version-history":[{"count":0,"href":"https:\/\/blog.polityka.pl\/adamczewski\/wp-json\/wp\/v2\/posts\/9106\/revisions"}],"wp:attachment":[{"href":"https:\/\/blog.polityka.pl\/adamczewski\/wp-json\/wp\/v2\/media?parent=9106"}],"wp:term":[{"taxonomy":"category","embeddable":true,"href":"https:\/\/blog.polityka.pl\/adamczewski\/wp-json\/wp\/v2\/categories?post=9106"},{"taxonomy":"post_tag","embeddable":true,"href":"https:\/\/blog.polityka.pl\/adamczewski\/wp-json\/wp\/v2\/tags?post=9106"}],"curies":[{"name":"wp","href":"https:\/\/api.w.org\/{rel}","templated":true}]}}