
{"id":911,"date":"2009-05-20T08:00:18","date_gmt":"2009-05-20T06:00:18","guid":{"rendered":"http:\/\/adamczewski.blog.polityka.pl\/?p=911"},"modified":"2009-05-20T08:02:44","modified_gmt":"2009-05-20T06:02:44","slug":"zgadnij-co-gotujemy134","status":"publish","type":"post","link":"https:\/\/blog.polityka.pl\/adamczewski\/2009\/05\/20\/zgadnij-co-gotujemy134\/","title":{"rendered":"Zgadnij co gotujemy?(134)"},"content":{"rendered":"<p>Wystawiam na po\u017carcie kolejny egzemplarz &#8222;W\u0119dr\u00f3wki po sto\u0142ach Europy&#8221;. Robi\u0119 to z przyjemno\u015bci\u0105 poniewa\u017c wiem, \u017ce p\u00f3jdzie w dobre r\u0119ce czyli takie kt\u00f3re potrafi\u0105 t\u0119 ksi\u0105\u017ck\u0119 praktycznie wykorzysta\u0107. I przy okazji doceni nasz trud, a mo\u017ce jeszcze powie jakie\u015b dobre s\u0142owo. To dla autor\u00f3w najwa\u017cniejsze\u00a0&#8211; rado\u015b\u0107 Czytelnik\u00f3w i \u017cycie ksi\u0105\u017cki. A nasze \u017cyj\u0105 w\u00f3wczas gdy si\u0119 ich u\u017cywa w kuchniach. Kuchniach Europy!<br \/>\nNo to do roboty. Dzi\u015b pytania\u00a0s\u0105 nast\u0119puj\u0105ce:<\/p>\n<p>1 Jedyne polskie odznaczenie za osi\u0105gni\u0119cia kulinarne (czy szerzej m\u00f3wi\u0105c\u00a0&#8211; gastronomiczne) nosi nazwisko lekarza, kt\u00f3ry w pewnym czasie pracowa\u0142 w instytucie Pasteura\u00a0&#8211; kto to taki?<\/p>\n<p>2 Gdzie odbywaj\u0105 si\u0119 kucharskie i cukiernicze mistrzostwa \u015bwiata i olimpiady oraz pod czyim s\u0105 patronatem?<\/p>\n<p>3 W pewnym weneckim barze jego szef ratowa\u0142 anemiczn\u0105 ksi\u0119\u017cniczk\u0119 karmi\u0105c j\u0105 wymy\u015blon\u0105 przez siebie potraw\u0105, kt\u00f3r\u0105 nazwa\u0142 imieniem malarza\u00a0&#8211; jaki to bar i jak nazywa si\u0119 danie?<\/p>\n<p>Odpowiedzi ju\u017c gotowe, to prosz\u0119 wciska\u0107 klawisz komputera z napisem: &#8222;wy\u015blij&#8221; i niech leci do <a href=\"mailto:internet@polityka.com.pl\">internet@polityka.com.pl<\/a>\u00a0 A ja tu czekam z listonoszem. I zaraz wysy\u0142am nasz\u0105 ksi\u0105\u017ck\u0119 opatrzywszy j\u0105 w dedykacj\u0119 i autografy.<\/p>\n<p>\u00a0<\/p>\n<p>\u00a0<\/p>\n","protected":false},"excerpt":{"rendered":"<p>Wystawiam na po\u017carcie kolejny egzemplarz &#8222;W\u0119dr\u00f3wki po sto\u0142ach Europy&#8221;. Robi\u0119 to z przyjemno\u015bci\u0105 poniewa\u017c wiem, \u017ce p\u00f3jdzie w dobre r\u0119ce czyli takie kt\u00f3re potrafi\u0105 t\u0119 ksi\u0105\u017ck\u0119 praktycznie wykorzysta\u0107. I przy okazji doceni nasz trud, a mo\u017ce jeszcze powie jakie\u015b dobre s\u0142owo. To dla autor\u00f3w najwa\u017cniejsze\u00a0&#8211; rado\u015b\u0107 Czytelnik\u00f3w i \u017cycie ksi\u0105\u017cki. A nasze \u017cyj\u0105 w\u00f3wczas gdy [&hellip;]<\/p>\n","protected":false},"author":2,"featured_media":0,"comment_status":"open","ping_status":"open","sticky":false,"template":"","format":"standard","meta":{"footnotes":""},"categories":[1],"tags":[],"_links":{"self":[{"href":"https:\/\/blog.polityka.pl\/adamczewski\/wp-json\/wp\/v2\/posts\/911"}],"collection":[{"href":"https:\/\/blog.polityka.pl\/adamczewski\/wp-json\/wp\/v2\/posts"}],"about":[{"href":"https:\/\/blog.polityka.pl\/adamczewski\/wp-json\/wp\/v2\/types\/post"}],"author":[{"embeddable":true,"href":"https:\/\/blog.polityka.pl\/adamczewski\/wp-json\/wp\/v2\/users\/2"}],"replies":[{"embeddable":true,"href":"https:\/\/blog.polityka.pl\/adamczewski\/wp-json\/wp\/v2\/comments?post=911"}],"version-history":[{"count":0,"href":"https:\/\/blog.polityka.pl\/adamczewski\/wp-json\/wp\/v2\/posts\/911\/revisions"}],"wp:attachment":[{"href":"https:\/\/blog.polityka.pl\/adamczewski\/wp-json\/wp\/v2\/media?parent=911"}],"wp:term":[{"taxonomy":"category","embeddable":true,"href":"https:\/\/blog.polityka.pl\/adamczewski\/wp-json\/wp\/v2\/categories?post=911"},{"taxonomy":"post_tag","embeddable":true,"href":"https:\/\/blog.polityka.pl\/adamczewski\/wp-json\/wp\/v2\/tags?post=911"}],"curies":[{"name":"wp","href":"https:\/\/api.w.org\/{rel}","templated":true}]}}