
{"id":9112,"date":"2008-01-11T15:58:00","date_gmt":"2008-01-11T15:58:00","guid":{"rendered":"http:\/\/adamczewscy.pl\/?p=1140"},"modified":"2008-01-11T15:58:00","modified_gmt":"2008-01-11T15:58:00","slug":"sos-cebulowy","status":"publish","type":"post","link":"https:\/\/blog.polityka.pl\/adamczewski\/2008\/01\/11\/sos-cebulowy\/","title":{"rendered":"Sos cebulowy"},"content":{"rendered":"<p>3 cebule<br \/>\n1 \u0142y\u017cka oliwy<br \/>\n1 \u0142y\u017cka m\u0105ki<br \/>\n2 szklanki roso\u0142u lub wody<br \/>\ns\u00f3l<br \/>\npieprz<\/p>\n<p>Rozgrza\u0107 oliw\u0119, doda\u0107 m\u0105k\u0119 i chwil\u0119 sma\u017cy\u0107, po czym doda\u0107 posiekan\u0105 drobno cebul\u0119 i ros\u00f3\u0142 (mo\u017ce by\u0107 z kostki). Gotowa\u0107 do lekkiego zg\u0119stnienia. Pod koniec doprawi\u0107 sol\u0105 i pieprzem.<\/p>\n","protected":false},"excerpt":{"rendered":"<p>3 cebule 1 \u0142y\u017cka oliwy 1 \u0142y\u017cka m\u0105ki 2 szklanki roso\u0142u lub wody s\u00f3l pieprz Rozgrza\u0107 oliw\u0119, doda\u0107 m\u0105k\u0119 i chwil\u0119 sma\u017cy\u0107, po czym doda\u0107 posiekan\u0105 drobno cebul\u0119 i ros\u00f3\u0142 (mo\u017ce by\u0107 z kostki). Gotowa\u0107 do lekkiego zg\u0119stnienia. Pod koniec doprawi\u0107 sol\u0105 i pieprzem.<\/p>\n","protected":false},"author":2,"featured_media":0,"comment_status":"open","ping_status":"open","sticky":false,"template":"","format":"standard","meta":{"footnotes":""},"categories":[1],"tags":[],"_links":{"self":[{"href":"https:\/\/blog.polityka.pl\/adamczewski\/wp-json\/wp\/v2\/posts\/9112"}],"collection":[{"href":"https:\/\/blog.polityka.pl\/adamczewski\/wp-json\/wp\/v2\/posts"}],"about":[{"href":"https:\/\/blog.polityka.pl\/adamczewski\/wp-json\/wp\/v2\/types\/post"}],"author":[{"embeddable":true,"href":"https:\/\/blog.polityka.pl\/adamczewski\/wp-json\/wp\/v2\/users\/2"}],"replies":[{"embeddable":true,"href":"https:\/\/blog.polityka.pl\/adamczewski\/wp-json\/wp\/v2\/comments?post=9112"}],"version-history":[{"count":0,"href":"https:\/\/blog.polityka.pl\/adamczewski\/wp-json\/wp\/v2\/posts\/9112\/revisions"}],"wp:attachment":[{"href":"https:\/\/blog.polityka.pl\/adamczewski\/wp-json\/wp\/v2\/media?parent=9112"}],"wp:term":[{"taxonomy":"category","embeddable":true,"href":"https:\/\/blog.polityka.pl\/adamczewski\/wp-json\/wp\/v2\/categories?post=9112"},{"taxonomy":"post_tag","embeddable":true,"href":"https:\/\/blog.polityka.pl\/adamczewski\/wp-json\/wp\/v2\/tags?post=9112"}],"curies":[{"name":"wp","href":"https:\/\/api.w.org\/{rel}","templated":true}]}}