
{"id":9118,"date":"2008-01-11T15:58:00","date_gmt":"2008-01-11T15:58:00","guid":{"rendered":"http:\/\/adamczewscy.pl\/?p=1146"},"modified":"2008-01-11T15:58:00","modified_gmt":"2008-01-11T15:58:00","slug":"sos-grzybowy-2","status":"publish","type":"post","link":"https:\/\/blog.polityka.pl\/adamczewski\/2008\/01\/11\/sos-grzybowy-2\/","title":{"rendered":"Sos grzybowy"},"content":{"rendered":"<p>1\/2 kg grzyb\u00f3w<br \/>\n2 szklanki roso\u0142u<\/p>\n<p>Grzyby starannie umy\u0107, posieka\u0107, zala\u0107 roso\u0142em i gotowa\u0107. Kiedy po\u0142owa roso\u0142u odparuje, sos b\u0119dzie mia\u0142 odpowiedni\u0105 konsystencj\u0119.<\/p>\n","protected":false},"excerpt":{"rendered":"<p>1\/2 kg grzyb\u00f3w 2 szklanki roso\u0142u Grzyby starannie umy\u0107, posieka\u0107, zala\u0107 roso\u0142em i gotowa\u0107. Kiedy po\u0142owa roso\u0142u odparuje, sos b\u0119dzie mia\u0142 odpowiedni\u0105 konsystencj\u0119.<\/p>\n","protected":false},"author":2,"featured_media":0,"comment_status":"open","ping_status":"open","sticky":false,"template":"","format":"standard","meta":{"footnotes":""},"categories":[1],"tags":[],"_links":{"self":[{"href":"https:\/\/blog.polityka.pl\/adamczewski\/wp-json\/wp\/v2\/posts\/9118"}],"collection":[{"href":"https:\/\/blog.polityka.pl\/adamczewski\/wp-json\/wp\/v2\/posts"}],"about":[{"href":"https:\/\/blog.polityka.pl\/adamczewski\/wp-json\/wp\/v2\/types\/post"}],"author":[{"embeddable":true,"href":"https:\/\/blog.polityka.pl\/adamczewski\/wp-json\/wp\/v2\/users\/2"}],"replies":[{"embeddable":true,"href":"https:\/\/blog.polityka.pl\/adamczewski\/wp-json\/wp\/v2\/comments?post=9118"}],"version-history":[{"count":0,"href":"https:\/\/blog.polityka.pl\/adamczewski\/wp-json\/wp\/v2\/posts\/9118\/revisions"}],"wp:attachment":[{"href":"https:\/\/blog.polityka.pl\/adamczewski\/wp-json\/wp\/v2\/media?parent=9118"}],"wp:term":[{"taxonomy":"category","embeddable":true,"href":"https:\/\/blog.polityka.pl\/adamczewski\/wp-json\/wp\/v2\/categories?post=9118"},{"taxonomy":"post_tag","embeddable":true,"href":"https:\/\/blog.polityka.pl\/adamczewski\/wp-json\/wp\/v2\/tags?post=9118"}],"curies":[{"name":"wp","href":"https:\/\/api.w.org\/{rel}","templated":true}]}}