
{"id":913,"date":"2009-05-19T08:00:34","date_gmt":"2009-05-19T06:00:34","guid":{"rendered":"http:\/\/adamczewski.blog.polityka.pl\/?p=913"},"modified":"2009-05-18T07:19:37","modified_gmt":"2009-05-18T05:19:37","slug":"pare-komunikatow-waznych-dla-autora-i-niezbyt-waznych-dla-odbiorcow","status":"publish","type":"post","link":"https:\/\/blog.polityka.pl\/adamczewski\/2009\/05\/19\/pare-komunikatow-waznych-dla-autora-i-niezbyt-waznych-dla-odbiorcow\/","title":{"rendered":"Par\u0119 komunikat\u00f3w wa\u017cnych dla autora i niezbyt wa\u017cnych dla odbiorc\u00f3w"},"content":{"rendered":"<p>Najpierw wiadomo\u015bci z ko\u0144ca tygodnia zwanego z polska weekendem: byli\u015bmy na targu w Pu\u0142tusku. Zatrz\u0119sienie kwiat\u00f3w, co wida\u0107 na obrazku. Kupili\u015bmy (prawd\u0119 m\u00f3wi\u0105c to wyb\u00f3r Basi i ona\u00a0 je posadzi\u0142a w wielkich donicach pod werand\u0105) pelargonie, kt\u00f3re pi\u0119knie kwitn\u0105 ale\u00a0&#8211; moim zdaniem niemi\u0142o pachn\u0105 gdy si\u0119 dotknie listk\u00f3w. By\u0142y tak\u017ce niecierpki, gerbery, lobelie, aksamitki i dziesi\u0105tki innych. Pu\u0142tuski rynek rozkwit\u0142 kolorowo. Doniczki stoj\u0105ce na zabytkowych kocich \u0142bach wygl\u0105da\u0142y cudownie.<\/p>\n<p><img loading=\"lazy\" decoding=\"async\" class=\"aligncenter size-full wp-image-914\" title=\"pultusk-kwiatp5160004\" src=\"\/wp-content\/uploads\/2009\/05\/pultusk-kwiatp5160004.jpg\" alt=\"\" width=\"338\" height=\"450\" srcset=\"\/adamczewski\/wp-content\/uploads\/2009\/05\/pultusk-kwiatp5160004.jpg 338w, \/adamczewski\/wp-content\/uploads\/2009\/05\/pultusk-kwiatp5160004-225x300.jpg 225w\" sizes=\"(max-width: 338px) 100vw, 338px\" \/><\/p>\n<p><em>Kt\u00f3re wybra\u0107?<\/em><\/p>\n<p><em><img loading=\"lazy\" decoding=\"async\" class=\"aligncenter size-full wp-image-918\" title=\"pultusk-kwiaciarkap5160006\" src=\"\/wp-content\/uploads\/2009\/05\/pultusk-kwiaciarkap5160006.jpg\" alt=\"\" width=\"338\" height=\"450\" srcset=\"\/adamczewski\/wp-content\/uploads\/2009\/05\/pultusk-kwiaciarkap5160006.jpg 338w, \/adamczewski\/wp-content\/uploads\/2009\/05\/pultusk-kwiaciarkap5160006-225x300.jpg 225w\" sizes=\"(max-width: 338px) 100vw, 338px\" \/><\/em><\/p>\n<p><em>Doradzi Pani kwiaciarka<\/em><\/p>\n<p>Na rynku, tu\u017c ko\u0142o remontowanego Ratusza, prze\u017cyli\u015bmy szok! Pozytywny! W naro\u017cnym budynku bowiem zobaczyli\u015bmy szyld &#8222;Ksi\u0119garnia&#8221;. Wbiegli\u015bmy natychmiast do \u015brodka, a tam m\u0142oda i \u0142adna dziewczyna, kt\u00f3ra okaza\u0142a si\u0119 w\u0142a\u015bcicielk\u0105 a\u017c dwu ksi\u0119garni\u00a0&#8211; jednej w Wyszkowie i drugiej w Pu\u0142tusku. T\u0105 pu\u0142tusk\u0105 w\u0142a\u015bnie otwarto. W du\u017cym, przestronnym lokalu rozstawiono rega\u0142y a na nich setki pi\u0119knych ksi\u0105\u017cek. Obok reprodukcje obraz\u00f3w i obrazy w prostych acz eleganckich ramach.<\/p>\n<p><img loading=\"lazy\" decoding=\"async\" class=\"aligncenter size-full wp-image-915\" title=\"pultusk-ksieg-p5160002\" src=\"\/wp-content\/uploads\/2009\/05\/pultusk-ksieg-p5160002.jpg\" alt=\"\" width=\"338\" height=\"450\" srcset=\"\/adamczewski\/wp-content\/uploads\/2009\/05\/pultusk-ksieg-p5160002.jpg 338w, \/adamczewski\/wp-content\/uploads\/2009\/05\/pultusk-ksieg-p5160002-225x300.jpg 225w\" sizes=\"(max-width: 338px) 100vw, 338px\" \/><\/p>\n<p><em>Nowa ksi\u0119garnia na Rynku<\/em><\/p>\n<p>Wdali\u015bmy si\u0119 oczywi\u015bcie w rozmow\u0119 i okaza\u0142o si\u0119, \u017ce czteroletnie do\u015bwiadczenie w ksi\u0119garni wyszkowskiej zach\u0119ci\u0142o w\u0142a\u015bcicielk\u0119 do uruchomienia nowego sklepu.\u00a0Upewni\u0142a si\u0119, \u017ce w takim mie\u015bcie jak Pu\u0142tusk, gdzie dzia\u0142a jedna z najlepszych prywatnych wy\u017cszych uczelni\u00a0&#8211; Wy\u017csza Szko\u0142a Humanistyczna im. Aleksandra Gieysztora\u00a0&#8211; ze sprzeda\u017cy ksi\u0105\u017cek mo\u017cna wy\u017cy\u0107.<\/p>\n<p><img loading=\"lazy\" decoding=\"async\" class=\"aligncenter size-full wp-image-917\" title=\"pultusk-wiezap5160015\" src=\"\/wp-content\/uploads\/2009\/05\/pultusk-wiezap5160015.jpg\" alt=\"\" width=\"338\" height=\"450\" srcset=\"\/adamczewski\/wp-content\/uploads\/2009\/05\/pultusk-wiezap5160015.jpg 338w, \/adamczewski\/wp-content\/uploads\/2009\/05\/pultusk-wiezap5160015-225x300.jpg 225w\" sizes=\"(max-width: 338px) 100vw, 338px\" \/><\/p>\n<p><em>Dach Ratusza w remoncie<\/em><\/p>\n<p>Od s\u0142owa do s\u0142owa i ustalili\u015bmy, \u017ce w jedn\u0105 z najbli\u017cszych sob\u00f3t zasi\u0105dziemy w ksi\u0119garni, by podpisywa\u0107 nasze ksi\u0105\u017cki. Podobn\u0105 przygod\u0119 z czytelnikami z miasta i okolicy prze\u017cyli\u015bmy ju\u017c par\u0119 lat temu i wspominamy to bardzo mile. O dacie oczywi\u015bcie blog poinformujemy, bo wiemy, \u017ce par\u0119 os\u00f3b z naszej wsp\u00f3lnoty tu mieszka.<\/p>\n<p><img loading=\"lazy\" decoding=\"async\" class=\"aligncenter size-full wp-image-919\" title=\"pultusk-szynkip5160019\" src=\"\/wp-content\/uploads\/2009\/05\/pultusk-szynkip5160019.jpg\" alt=\"\" width=\"450\" height=\"338\" srcset=\"\/adamczewski\/wp-content\/uploads\/2009\/05\/pultusk-szynkip5160019.jpg 450w, \/adamczewski\/wp-content\/uploads\/2009\/05\/pultusk-szynkip5160019-300x225.jpg 300w\" sizes=\"(max-width: 450px) 100vw, 450px\" \/><\/p>\n<p><em>Z lewej szynka warszawska a z prawej podpu\u0142tuska i surowa w\u0119dzona kie\u0142basa<\/em><\/p>\n<p>W drodze powrotnej zatrzymali\u015bmy si\u0119 w opisywanym ju\u017c sklepie mi\u0119snym<br \/>\n&#8222;Polski St\u00f3\u0142&#8221;. Pod sklepem stoi niemal bez przerwy po par\u0119 samochod\u00f3w, co znaczy, \u017ce cieszy si\u0119 on powodzeniem w\u015br\u00f3d letnik\u00f3w bardzo licznie rozsianych nad Narwi\u0105 i na skraju Puszczy Bia\u0142ej. I tym razem kupili\u015bmy par\u0119 smakowitych w\u0119dlin. Moja ulubion\u0105 surow\u0105 a w\u0119dzon\u0105 kie\u0142bas\u0119 i ma\u0142\u0105 a bardzo apetycznie wygl\u0105daj\u0105c\u0105 szynk\u0119. Kie\u0142bas\u0119 znali\u015bmy ju\u017c z poprzedniej wizyty pod Grab\u00f3wcem, wi\u0119c ciekawi byli\u015bmy smaku szynki. By\u0142a \u015bwietna\u00a0&#8211; soczysta, nie za s\u0142ona, pachn\u0105ca w\u0119dzeniem. I by\u0142aby wr\u0119cz doskona\u0142a gdyby mia\u0142a jeszcze cho\u0107 odrobin\u0119 t\u0142uszczyku. Na zdj\u0119ciu wida\u0107 brak tego bia\u0142ego kawa\u0142eczka na skraju, kt\u00f3ry posiada szynka kupiona w Warszawie. Ale ta z &#8222;Polskiego Sto\u0142u&#8221; ma (opr\u00f3cz naprawd\u0119 dobrego smaku) jeszcze jedn\u0105 zalet\u0119: kosztuje 28 z\u0142 za kilogram. Ta ze stolicy za\u015b 55 z\u0142 za kg. R\u00f3\u017cnica znaczna a jako\u015b\u0107 podobna.<\/p>\n<p>Po powrocie zabra\u0142em si\u0119 ostro do roboty. Nie, nie przy komputerze lecz w kuchni. Najpierw przygotowa\u0142em do marynowania wielki p\u0142at \u0142ososia norweskiego, kt\u00f3ry po posypaniu sol\u0105, cukrem, posiekanym koperkiem i pieprzem a tak\u017ce po skropieniu sokiem z cytryny zwin\u0105\u0142em w ciasny rulon, owin\u0105\u0142em foli\u0105 i w\u0142o\u017cy\u0142em do lod\u00f3wki. B\u0119dzie tak tkwi\u0142 do wtorku rano. A we wtorek ( czyli dzi\u015b miedzy godz. 8.30 a 11) rozwin\u0119 go na oczach publiczno\u015bci czyli w studio Dzie\u0144 Dobry TVN, w kt\u00f3rym b\u0119dziemy z Basi\u0105 prezentowa\u0107 &#8222;W\u0119dr\u00f3wki po sto\u0142ach Europy&#8221;. Mam nadziej\u0119, \u017ce nasz \u0142oso\u015b oraz pozosta\u0142e dania b\u0119d\u0105 smakowa\u0107 Dorocie Wellman i Marcinowi Prokopowi, bo to oni b\u0119d\u0105 z nami rozmawia\u0107 o podr\u00f3\u017cach i kuchni.<\/p>\n<p>Na obiad zrobi\u0142em\u00a0 boef Stroganow. To te\u017c \u0107wiczenie przed wyst\u0119pem telewizyjnym. Pozosta\u0142e dania zostawiam nie ujawnione\u00a0 Ale dat\u0119 kolejnego wyst\u0119pu ujawni\u0119, bo cieszyliby\u015bmy si\u0119 z Waszej obecno\u015bci przed ekranami. W czwartek 21 maja b\u0119dziemy w Kawie czy Herbacie w TVP1. Je\u015bli nie \u015bpicie od 6 do 8 rano to zapraszamy.<\/p>\n<p><img loading=\"lazy\" decoding=\"async\" class=\"aligncenter size-full wp-image-920\" title=\"pultusk-niezapominajp5160018\" src=\"\/wp-content\/uploads\/2009\/05\/pultusk-niezapominajp5160018.jpg\" alt=\"\" width=\"450\" height=\"338\" srcset=\"\/adamczewski\/wp-content\/uploads\/2009\/05\/pultusk-niezapominajp5160018.jpg 450w, \/adamczewski\/wp-content\/uploads\/2009\/05\/pultusk-niezapominajp5160018-300x225.jpg 300w\" sizes=\"(max-width: 450px) 100vw, 450px\" \/><\/p>\n<p><em>Niezapominajki kwitn\u0105 i pod moim p\u0142otem<\/em><\/p>\n<p>\u00a0<\/p>\n<p>I tyle dzi\u015b komunikat\u00f3w, zawiadomie\u0144 oraz zaprosze\u0144. A jutro kolejne zmagania o nasz\u0105 now\u0105 ksi\u0105\u017ck\u0119.<\/p>\n","protected":false},"excerpt":{"rendered":"<p>Najpierw wiadomo\u015bci z ko\u0144ca tygodnia zwanego z polska weekendem: byli\u015bmy na targu w Pu\u0142tusku. Zatrz\u0119sienie kwiat\u00f3w, co wida\u0107 na obrazku. Kupili\u015bmy (prawd\u0119 m\u00f3wi\u0105c to wyb\u00f3r Basi i ona\u00a0 je posadzi\u0142a w wielkich donicach pod werand\u0105) pelargonie, kt\u00f3re pi\u0119knie kwitn\u0105 ale\u00a0&#8211; moim zdaniem niemi\u0142o pachn\u0105 gdy si\u0119 dotknie listk\u00f3w. By\u0142y tak\u017ce niecierpki, gerbery, lobelie, aksamitki i [&hellip;]<\/p>\n","protected":false},"author":2,"featured_media":0,"comment_status":"open","ping_status":"open","sticky":false,"template":"","format":"standard","meta":{"footnotes":""},"categories":[1],"tags":[],"_links":{"self":[{"href":"https:\/\/blog.polityka.pl\/adamczewski\/wp-json\/wp\/v2\/posts\/913"}],"collection":[{"href":"https:\/\/blog.polityka.pl\/adamczewski\/wp-json\/wp\/v2\/posts"}],"about":[{"href":"https:\/\/blog.polityka.pl\/adamczewski\/wp-json\/wp\/v2\/types\/post"}],"author":[{"embeddable":true,"href":"https:\/\/blog.polityka.pl\/adamczewski\/wp-json\/wp\/v2\/users\/2"}],"replies":[{"embeddable":true,"href":"https:\/\/blog.polityka.pl\/adamczewski\/wp-json\/wp\/v2\/comments?post=913"}],"version-history":[{"count":0,"href":"https:\/\/blog.polityka.pl\/adamczewski\/wp-json\/wp\/v2\/posts\/913\/revisions"}],"wp:attachment":[{"href":"https:\/\/blog.polityka.pl\/adamczewski\/wp-json\/wp\/v2\/media?parent=913"}],"wp:term":[{"taxonomy":"category","embeddable":true,"href":"https:\/\/blog.polityka.pl\/adamczewski\/wp-json\/wp\/v2\/categories?post=913"},{"taxonomy":"post_tag","embeddable":true,"href":"https:\/\/blog.polityka.pl\/adamczewski\/wp-json\/wp\/v2\/tags?post=913"}],"curies":[{"name":"wp","href":"https:\/\/api.w.org\/{rel}","templated":true}]}}