
{"id":9139,"date":"2008-01-11T15:58:00","date_gmt":"2008-01-11T15:58:00","guid":{"rendered":"http:\/\/adamczewscy.pl\/?p=1167"},"modified":"2008-01-11T15:58:00","modified_gmt":"2008-01-11T15:58:00","slug":"watrobka-cieleca-pieczona","status":"publish","type":"post","link":"https:\/\/blog.polityka.pl\/adamczewski\/2008\/01\/11\/watrobka-cieleca-pieczona\/","title":{"rendered":"W\u0105tr\u00f3bka ciel\u0119ca pieczona"},"content":{"rendered":"<p>1\/2 kg w\u0105tr\u00f3bki ciel\u0119cej<br \/>\n1 jajko<br \/>\n2\u00963 \u0142y\u017cki m\u0105ki<br \/>\n2 \u0142y\u017cki g\u0119siego smalcu lub oliwy<br \/>\ns\u00f3l<br \/>\npieprz<\/p>\n<p>W\u0105tr\u00f3bk\u0119 pokroi\u0107 w cienkie plasterki, macza\u0107 w rozbitym jajku i nast\u0119pnie w m\u0105ce, po czym sma\u017cy\u0107 na z\u0142oto w rozgrzanym g\u0119sim smalcu lub oliwie.<\/p>\n","protected":false},"excerpt":{"rendered":"<p>1\/2 kg w\u0105tr\u00f3bki ciel\u0119cej 1 jajko 2\u00963 \u0142y\u017cki m\u0105ki 2 \u0142y\u017cki g\u0119siego smalcu lub oliwy s\u00f3l pieprz W\u0105tr\u00f3bk\u0119 pokroi\u0107 w cienkie plasterki, macza\u0107 w rozbitym jajku i nast\u0119pnie w m\u0105ce, po czym sma\u017cy\u0107 na z\u0142oto w rozgrzanym g\u0119sim smalcu lub oliwie.<\/p>\n","protected":false},"author":2,"featured_media":0,"comment_status":"open","ping_status":"open","sticky":false,"template":"","format":"standard","meta":{"footnotes":""},"categories":[1],"tags":[],"_links":{"self":[{"href":"https:\/\/blog.polityka.pl\/adamczewski\/wp-json\/wp\/v2\/posts\/9139"}],"collection":[{"href":"https:\/\/blog.polityka.pl\/adamczewski\/wp-json\/wp\/v2\/posts"}],"about":[{"href":"https:\/\/blog.polityka.pl\/adamczewski\/wp-json\/wp\/v2\/types\/post"}],"author":[{"embeddable":true,"href":"https:\/\/blog.polityka.pl\/adamczewski\/wp-json\/wp\/v2\/users\/2"}],"replies":[{"embeddable":true,"href":"https:\/\/blog.polityka.pl\/adamczewski\/wp-json\/wp\/v2\/comments?post=9139"}],"version-history":[{"count":0,"href":"https:\/\/blog.polityka.pl\/adamczewski\/wp-json\/wp\/v2\/posts\/9139\/revisions"}],"wp:attachment":[{"href":"https:\/\/blog.polityka.pl\/adamczewski\/wp-json\/wp\/v2\/media?parent=9139"}],"wp:term":[{"taxonomy":"category","embeddable":true,"href":"https:\/\/blog.polityka.pl\/adamczewski\/wp-json\/wp\/v2\/categories?post=9139"},{"taxonomy":"post_tag","embeddable":true,"href":"https:\/\/blog.polityka.pl\/adamczewski\/wp-json\/wp\/v2\/tags?post=9139"}],"curies":[{"name":"wp","href":"https:\/\/api.w.org\/{rel}","templated":true}]}}