
{"id":9155,"date":"2008-01-11T15:58:00","date_gmt":"2008-01-11T15:58:00","guid":{"rendered":"http:\/\/adamczewscy.pl\/?p=1184"},"modified":"2008-01-11T15:58:00","modified_gmt":"2008-01-11T15:58:00","slug":"smazone-kurczeta-ii","status":"publish","type":"post","link":"https:\/\/blog.polityka.pl\/adamczewski\/2008\/01\/11\/smazone-kurczeta-ii\/","title":{"rendered":"Sma\u017cone kurcz\u0119ta II"},"content":{"rendered":"<p>1 para m\u0142odych kurcz\u0105t<br \/>\ns\u00f3l<br \/>\n4 \u0142y\u017cki smalcu g\u0119siego lub wo\u0142owego albo oliwy<br \/>\n1 jajko<br \/>\n3 \u0142y\u017cki tartej bu\u0142ki<br \/>\n1 \u0142y\u017ceczka cukru<\/p>\n<p>Kurcz\u0119ta sprawi\u0107, przekroi\u0107 na \u0107wiartki i obgotowa\u0107 10 minut w wodzie z sol\u0105. Osuszy\u0107. Macza\u0107 w rozbitym z wod\u0105 jajku, a potem w tartej bu\u0142ce wymieszanej z cukrem. Sma\u017cy\u0107 na rozgrzanym t\u0142uszczu na ciemnoz\u0142oty kolor.<\/p>\n","protected":false},"excerpt":{"rendered":"<p>1 para m\u0142odych kurcz\u0105t s\u00f3l 4 \u0142y\u017cki smalcu g\u0119siego lub wo\u0142owego albo oliwy 1 jajko 3 \u0142y\u017cki tartej bu\u0142ki 1 \u0142y\u017ceczka cukru Kurcz\u0119ta sprawi\u0107, przekroi\u0107 na \u0107wiartki i obgotowa\u0107 10 minut w wodzie z sol\u0105. Osuszy\u0107. Macza\u0107 w rozbitym z wod\u0105 jajku, a potem w tartej bu\u0142ce wymieszanej z cukrem. Sma\u017cy\u0107 na rozgrzanym t\u0142uszczu na [&hellip;]<\/p>\n","protected":false},"author":2,"featured_media":0,"comment_status":"open","ping_status":"open","sticky":false,"template":"","format":"standard","meta":{"footnotes":""},"categories":[1],"tags":[],"_links":{"self":[{"href":"https:\/\/blog.polityka.pl\/adamczewski\/wp-json\/wp\/v2\/posts\/9155"}],"collection":[{"href":"https:\/\/blog.polityka.pl\/adamczewski\/wp-json\/wp\/v2\/posts"}],"about":[{"href":"https:\/\/blog.polityka.pl\/adamczewski\/wp-json\/wp\/v2\/types\/post"}],"author":[{"embeddable":true,"href":"https:\/\/blog.polityka.pl\/adamczewski\/wp-json\/wp\/v2\/users\/2"}],"replies":[{"embeddable":true,"href":"https:\/\/blog.polityka.pl\/adamczewski\/wp-json\/wp\/v2\/comments?post=9155"}],"version-history":[{"count":0,"href":"https:\/\/blog.polityka.pl\/adamczewski\/wp-json\/wp\/v2\/posts\/9155\/revisions"}],"wp:attachment":[{"href":"https:\/\/blog.polityka.pl\/adamczewski\/wp-json\/wp\/v2\/media?parent=9155"}],"wp:term":[{"taxonomy":"category","embeddable":true,"href":"https:\/\/blog.polityka.pl\/adamczewski\/wp-json\/wp\/v2\/categories?post=9155"},{"taxonomy":"post_tag","embeddable":true,"href":"https:\/\/blog.polityka.pl\/adamczewski\/wp-json\/wp\/v2\/tags?post=9155"}],"curies":[{"name":"wp","href":"https:\/\/api.w.org\/{rel}","templated":true}]}}