
{"id":9157,"date":"2008-01-11T15:58:00","date_gmt":"2008-01-11T15:58:00","guid":{"rendered":"http:\/\/adamczewscy.pl\/?p=1186"},"modified":"2008-01-11T15:58:00","modified_gmt":"2008-01-11T15:58:00","slug":"duszona-kura","status":"publish","type":"post","link":"https:\/\/blog.polityka.pl\/adamczewski\/2008\/01\/11\/duszona-kura\/","title":{"rendered":"Duszona kura"},"content":{"rendered":"<p>1 m\u0142oda kura<br \/>\n1 \u0142y\u017cka smalcu wo\u0142owego lub g\u0119siego (lub oliwy czy mas\u0142a)<br \/>\n1 \u0142y\u017cka m\u0105ki<br \/>\n2 \u0142y\u017cki startego na jarzynowej tarce korzenia selera<br \/>\ns\u00f3l<br \/>\n1 \u0142y\u017cka siekanej zielonej pietruszki<\/p>\n<p>Kur\u0119 pokroi\u0107 na \u0107wiartki, posoli\u0107, wla\u0107 3\/4 szklanki wody i dusi\u0107 w szczelnie zakrytym naczyniu.<br \/>\nNa smalcu, oliwie lub ma\u015ble zasma\u017cy\u0107 na z\u0142oto m\u0105k\u0119, doda\u0107 starty seler, wla\u0107 wywaru spod kury i zagotowa\u0107. Doda\u0107 ga\u0142k\u0119 muszkato\u0142ow\u0105 i siekan\u0105 zielon\u0105 pietruszk\u0119. Kawa\u0142ki kury w\u0142o\u017cy\u0107 do sosu i zagotowa\u0107 wszystko razem. <\/p>\n","protected":false},"excerpt":{"rendered":"<p>1 m\u0142oda kura 1 \u0142y\u017cka smalcu wo\u0142owego lub g\u0119siego (lub oliwy czy mas\u0142a) 1 \u0142y\u017cka m\u0105ki 2 \u0142y\u017cki startego na jarzynowej tarce korzenia selera s\u00f3l 1 \u0142y\u017cka siekanej zielonej pietruszki Kur\u0119 pokroi\u0107 na \u0107wiartki, posoli\u0107, wla\u0107 3\/4 szklanki wody i dusi\u0107 w szczelnie zakrytym naczyniu. Na smalcu, oliwie lub ma\u015ble zasma\u017cy\u0107 na z\u0142oto m\u0105k\u0119, doda\u0107 [&hellip;]<\/p>\n","protected":false},"author":2,"featured_media":0,"comment_status":"open","ping_status":"open","sticky":false,"template":"","format":"standard","meta":{"footnotes":""},"categories":[1],"tags":[],"_links":{"self":[{"href":"https:\/\/blog.polityka.pl\/adamczewski\/wp-json\/wp\/v2\/posts\/9157"}],"collection":[{"href":"https:\/\/blog.polityka.pl\/adamczewski\/wp-json\/wp\/v2\/posts"}],"about":[{"href":"https:\/\/blog.polityka.pl\/adamczewski\/wp-json\/wp\/v2\/types\/post"}],"author":[{"embeddable":true,"href":"https:\/\/blog.polityka.pl\/adamczewski\/wp-json\/wp\/v2\/users\/2"}],"replies":[{"embeddable":true,"href":"https:\/\/blog.polityka.pl\/adamczewski\/wp-json\/wp\/v2\/comments?post=9157"}],"version-history":[{"count":0,"href":"https:\/\/blog.polityka.pl\/adamczewski\/wp-json\/wp\/v2\/posts\/9157\/revisions"}],"wp:attachment":[{"href":"https:\/\/blog.polityka.pl\/adamczewski\/wp-json\/wp\/v2\/media?parent=9157"}],"wp:term":[{"taxonomy":"category","embeddable":true,"href":"https:\/\/blog.polityka.pl\/adamczewski\/wp-json\/wp\/v2\/categories?post=9157"},{"taxonomy":"post_tag","embeddable":true,"href":"https:\/\/blog.polityka.pl\/adamczewski\/wp-json\/wp\/v2\/tags?post=9157"}],"curies":[{"name":"wp","href":"https:\/\/api.w.org\/{rel}","templated":true}]}}