
{"id":9170,"date":"2008-01-11T15:58:00","date_gmt":"2008-01-11T15:58:00","guid":{"rendered":"http:\/\/adamczewscy.pl\/?p=1202"},"modified":"2008-01-11T15:58:00","modified_gmt":"2008-01-11T15:58:00","slug":"legumina-migdalowa","status":"publish","type":"post","link":"https:\/\/blog.polityka.pl\/adamczewski\/2008\/01\/11\/legumina-migdalowa\/","title":{"rendered":"Legumina migda\u0142owa"},"content":{"rendered":"<p>10 dag obranych i posiekanych migda\u0142\u00f3w<br \/>\n1\/2 szklanki cukru<br \/>\n2 jaja<br \/>\n3 \u017c\u00f3\u0142tka<br \/>\nsk\u00f3rka z ca\u0142ej cytryny<br \/>\n1 \u0142y\u017cka stopionego mas\u0142a<br \/>\n1 \u0142y\u017cka tartej bu\u0142ki<\/p>\n<p>Migda\u0142y, cukier, jaja i \u017c\u00f3\u0142tka oraz drobno posiekan\u0105 sk\u00f3rk\u0119 z cytryny uciera\u0107, a\u017c powstanie jednorodna masa. Na desce lub stolnicy uformowa\u0107 placek grubo\u015bci do 1 cm, a nast\u0119pnie pokroi\u0107 go w prostok\u0105ty. Ka\u017cdy z prostok\u0105t\u00f3w posmarowa\u0107 stopionym mas\u0142em i obsypa\u0107 tart\u0105 bu\u0142k\u0105. Piec w \u015brednio nagrzanym piekarniku (170\u0096180\u00b0C), a\u017c stan\u0105 si\u0119 z\u0142ociste.<\/p>\n","protected":false},"excerpt":{"rendered":"<p>10 dag obranych i posiekanych migda\u0142\u00f3w 1\/2 szklanki cukru 2 jaja 3 \u017c\u00f3\u0142tka sk\u00f3rka z ca\u0142ej cytryny 1 \u0142y\u017cka stopionego mas\u0142a 1 \u0142y\u017cka tartej bu\u0142ki Migda\u0142y, cukier, jaja i \u017c\u00f3\u0142tka oraz drobno posiekan\u0105 sk\u00f3rk\u0119 z cytryny uciera\u0107, a\u017c powstanie jednorodna masa. Na desce lub stolnicy uformowa\u0107 placek grubo\u015bci do 1 cm, a nast\u0119pnie pokroi\u0107 go [&hellip;]<\/p>\n","protected":false},"author":2,"featured_media":0,"comment_status":"open","ping_status":"open","sticky":false,"template":"","format":"standard","meta":{"footnotes":""},"categories":[1],"tags":[],"_links":{"self":[{"href":"https:\/\/blog.polityka.pl\/adamczewski\/wp-json\/wp\/v2\/posts\/9170"}],"collection":[{"href":"https:\/\/blog.polityka.pl\/adamczewski\/wp-json\/wp\/v2\/posts"}],"about":[{"href":"https:\/\/blog.polityka.pl\/adamczewski\/wp-json\/wp\/v2\/types\/post"}],"author":[{"embeddable":true,"href":"https:\/\/blog.polityka.pl\/adamczewski\/wp-json\/wp\/v2\/users\/2"}],"replies":[{"embeddable":true,"href":"https:\/\/blog.polityka.pl\/adamczewski\/wp-json\/wp\/v2\/comments?post=9170"}],"version-history":[{"count":0,"href":"https:\/\/blog.polityka.pl\/adamczewski\/wp-json\/wp\/v2\/posts\/9170\/revisions"}],"wp:attachment":[{"href":"https:\/\/blog.polityka.pl\/adamczewski\/wp-json\/wp\/v2\/media?parent=9170"}],"wp:term":[{"taxonomy":"category","embeddable":true,"href":"https:\/\/blog.polityka.pl\/adamczewski\/wp-json\/wp\/v2\/categories?post=9170"},{"taxonomy":"post_tag","embeddable":true,"href":"https:\/\/blog.polityka.pl\/adamczewski\/wp-json\/wp\/v2\/tags?post=9170"}],"curies":[{"name":"wp","href":"https:\/\/api.w.org\/{rel}","templated":true}]}}