
{"id":9181,"date":"2008-01-11T15:58:00","date_gmt":"2008-01-11T15:58:00","guid":{"rendered":"http:\/\/adamczewscy.pl\/?p=1213"},"modified":"2008-01-11T15:58:00","modified_gmt":"2008-01-11T15:58:00","slug":"legumina-z-razowego-chleba","status":"publish","type":"post","link":"https:\/\/blog.polityka.pl\/adamczewski\/2008\/01\/11\/legumina-z-razowego-chleba\/","title":{"rendered":"Legumina z razowego chleba"},"content":{"rendered":"<p>8 kromek razowego chleba<br \/>\n1 szklanka mleka lub \u015bmietanki<br \/>\n20 dag mas\u0142a<br \/>\n8 jaj<br \/>\n1 szklanka z czubem cukru<br \/>\n1 \u0142y\u017cka posiekanej sk\u00f3rki cytrynowej<br \/>\nszczypta mielonego cynamonu<br \/>\n2 ut\u0142uczone go\u009fdziki<br \/>\nszczypta soli<br \/>\n1 \u0142y\u017cka mas\u0142a do wysmarowania formy <\/p>\n<p>Chleb pokruszy\u0107 i ugotowa\u0107 w mleku na mas\u0119. Och\u0142odzi\u0107. Doda\u0107 do ostudzonej masy roztopione mas\u0142o, \u017c\u00f3\u0142tka, cukier, sk\u00f3rk\u0119 cytrynow\u0105, cynamon, go\u009fdziki i s\u00f3l. Po dok\u0142adnym wymieszaniu doda\u0107 jeszcze ubit\u0105 na sztywno pian\u0119 z bia\u0142ek, zn\u00f3w ostro\u017cnie wymiesza\u0107 i prze\u0142o\u017cy\u0107 do wysmarowanego mas\u0142em naczynia do gotowania budyniu lub do garnka ze szczeln\u0105 pokryw\u0105. Gotowa\u0107 w k\u0105pieli wodnej, na wolnym ogniu 1 1\/2 godziny. Podawa\u0107 z sosem waniliowym.<\/p>\n","protected":false},"excerpt":{"rendered":"<p>8 kromek razowego chleba 1 szklanka mleka lub \u015bmietanki 20 dag mas\u0142a 8 jaj 1 szklanka z czubem cukru 1 \u0142y\u017cka posiekanej sk\u00f3rki cytrynowej szczypta mielonego cynamonu 2 ut\u0142uczone go\u009fdziki szczypta soli 1 \u0142y\u017cka mas\u0142a do wysmarowania formy Chleb pokruszy\u0107 i ugotowa\u0107 w mleku na mas\u0119. Och\u0142odzi\u0107. Doda\u0107 do ostudzonej masy roztopione mas\u0142o, \u017c\u00f3\u0142tka, cukier, [&hellip;]<\/p>\n","protected":false},"author":2,"featured_media":0,"comment_status":"open","ping_status":"open","sticky":false,"template":"","format":"standard","meta":{"footnotes":""},"categories":[1],"tags":[],"_links":{"self":[{"href":"https:\/\/blog.polityka.pl\/adamczewski\/wp-json\/wp\/v2\/posts\/9181"}],"collection":[{"href":"https:\/\/blog.polityka.pl\/adamczewski\/wp-json\/wp\/v2\/posts"}],"about":[{"href":"https:\/\/blog.polityka.pl\/adamczewski\/wp-json\/wp\/v2\/types\/post"}],"author":[{"embeddable":true,"href":"https:\/\/blog.polityka.pl\/adamczewski\/wp-json\/wp\/v2\/users\/2"}],"replies":[{"embeddable":true,"href":"https:\/\/blog.polityka.pl\/adamczewski\/wp-json\/wp\/v2\/comments?post=9181"}],"version-history":[{"count":0,"href":"https:\/\/blog.polityka.pl\/adamczewski\/wp-json\/wp\/v2\/posts\/9181\/revisions"}],"wp:attachment":[{"href":"https:\/\/blog.polityka.pl\/adamczewski\/wp-json\/wp\/v2\/media?parent=9181"}],"wp:term":[{"taxonomy":"category","embeddable":true,"href":"https:\/\/blog.polityka.pl\/adamczewski\/wp-json\/wp\/v2\/categories?post=9181"},{"taxonomy":"post_tag","embeddable":true,"href":"https:\/\/blog.polityka.pl\/adamczewski\/wp-json\/wp\/v2\/tags?post=9181"}],"curies":[{"name":"wp","href":"https:\/\/api.w.org\/{rel}","templated":true}]}}