
{"id":922,"date":"2009-05-22T08:00:11","date_gmt":"2009-05-22T06:00:11","guid":{"rendered":"http:\/\/adamczewski.blog.polityka.pl\/?p=922"},"modified":"2009-05-22T08:00:05","modified_gmt":"2009-05-22T06:00:05","slug":"ide-w-tango","status":"publish","type":"post","link":"https:\/\/blog.polityka.pl\/adamczewski\/2009\/05\/22\/ide-w-tango\/","title":{"rendered":"Id\u0119 w tango"},"content":{"rendered":"<p>Arcadius a tak\u017ce Oko\u0144 wzdychaj\u0105 do tanga. Wprawdzie znacznie bardziej t\u0119skni\u0119 do czas\u00f3w gdy wywija\u0142em rock and rolla (lata 60-dziesi\u0105te w Hybrydach i Stodole pewnie wraz z Okoniem cho\u0107 go nie zna\u0142em) to i tango by\u0142o mi mi\u0142e. I to w Warszawie a nie w Buenos. Ale rytm, blisko\u015b\u0107 partnerki i emocje by\u0142y i\u015bcie argenty\u0144skie.<\/p>\n<p>A dzi\u015b (pisane w czwartek) od rana (5.20) ju\u017c w robocie. Alsa si\u0119 pyta dla kogo gotuje si\u0119 o 6.12 w Kawie czy Herbacie. Oczywi\u015bcie, \u017ce dla Niej. Przecie\u017c ogl\u0105da\u0142a. No i dla potencjalnych czytelnik\u00f3w, kt\u00f3rym pokazali\u015bmy i opowiedzieli\u015bmy o kuchniach Europy.<\/p>\n<p>Byli\u015bmy te\u017c\u00a0 om\u00f3wi\u0107\u00a0 i zaplanowa\u0107 podr\u00f3\u017c \u0142ososiow\u0105, no i w\u0119dkowanie w okolicach Stavanger. Ale to b\u0119dzie dopiero w sierpniu, po powrocie z Carrary.<\/p>\n<p>Wr\u00f3cili\u015bmy wi\u0119c na nasze Kurpie. W sobot\u0119 b\u0119dziemy w nowo otwartej ksi\u0119garni\u00a0 przy pu\u0142tuskim Rynku dy\u017curowa\u0107 od 10 rano do 13 i rozmawia\u0107 z mi\u0142o\u015bnikami ksi\u0105\u017cek oraz podpisywa\u0107 te, kt\u00f3re zechc\u0105 mie\u0107 w swoich biblioteczkach.<\/p>\n<p>W niedziel\u0119 za\u015b siedzimy na Targach Ksi\u0105\u017cki w warszawskim PKiN od 13 do 15 w Nowym \u015awiecie (D 454)\u00a0 i te\u017c czekamy na go\u015bci. Par\u0119 zapowiedzi wizyt ju\u017c mamy wi\u0119c nie martwimy si\u0119 o brak frekwencji.<\/p>\n<p>Sprawozdanie (ilustrowane) ze wszystkich tych imprez oczywi\u015bcie b\u0119dzie. Tymczasem za\u015b s\u0142uchamy tang i sm\u0119tnych pie\u015bni fado. Za oknami werandy kwili trznadel i s\u0142ycha\u0107 stukot m\u0142otk\u00f3w. Ptak \u015bpiewa w moim lesie a za p\u0142otem\u00a0 ( u Twojego ukochanego kierowcy czo\u0142gu Alicjo) buduj\u0105 domek dla wnucz\u0105t W\u0142odka P.\u00a0 Okazuje si\u0119, \u017ce nawet idole szesnastolatek starzej\u0105 si\u0119 i obrastaj\u0105 potomstwem.<\/p>\n<p>Komunikat kulinarny b\u0119dzie wymowny tylko dla tubylc\u00f3w. Rodacy rozpierzchli po \u015bwiecie tego nie doceni\u0105. Ot\u00f3\u017c na obiad, kt\u00f3ry mo\u017cna nazwa\u0107 i kolacj\u0105, bo by\u0142 zjedzony o 19.00, sk\u0142ada\u0142 si\u0119 z przek\u0105ski\u00a0&#8211; w\u0119dzony p\u0142at \u0142ososia z grzank\u0105 &#8211;\u00a0i dania g\u0142\u00f3wnego\u00a0&#8211; risotto z owocami morza sosie \u015bmietanowym . Wszystkie produkty kupione w Pu\u0142tusku. Nawet wino. Teraz czekam na deser, kt\u00f3ry b\u0119dzie niespodziank\u0105!<\/p>\n<p>\u00a0<\/p>\n","protected":false},"excerpt":{"rendered":"<p>Arcadius a tak\u017ce Oko\u0144 wzdychaj\u0105 do tanga. Wprawdzie znacznie bardziej t\u0119skni\u0119 do czas\u00f3w gdy wywija\u0142em rock and rolla (lata 60-dziesi\u0105te w Hybrydach i Stodole pewnie wraz z Okoniem cho\u0107 go nie zna\u0142em) to i tango by\u0142o mi mi\u0142e. I to w Warszawie a nie w Buenos. Ale rytm, blisko\u015b\u0107 partnerki i emocje by\u0142y i\u015bcie argenty\u0144skie. [&hellip;]<\/p>\n","protected":false},"author":2,"featured_media":0,"comment_status":"open","ping_status":"open","sticky":false,"template":"","format":"standard","meta":{"footnotes":""},"categories":[1],"tags":[],"_links":{"self":[{"href":"https:\/\/blog.polityka.pl\/adamczewski\/wp-json\/wp\/v2\/posts\/922"}],"collection":[{"href":"https:\/\/blog.polityka.pl\/adamczewski\/wp-json\/wp\/v2\/posts"}],"about":[{"href":"https:\/\/blog.polityka.pl\/adamczewski\/wp-json\/wp\/v2\/types\/post"}],"author":[{"embeddable":true,"href":"https:\/\/blog.polityka.pl\/adamczewski\/wp-json\/wp\/v2\/users\/2"}],"replies":[{"embeddable":true,"href":"https:\/\/blog.polityka.pl\/adamczewski\/wp-json\/wp\/v2\/comments?post=922"}],"version-history":[{"count":0,"href":"https:\/\/blog.polityka.pl\/adamczewski\/wp-json\/wp\/v2\/posts\/922\/revisions"}],"wp:attachment":[{"href":"https:\/\/blog.polityka.pl\/adamczewski\/wp-json\/wp\/v2\/media?parent=922"}],"wp:term":[{"taxonomy":"category","embeddable":true,"href":"https:\/\/blog.polityka.pl\/adamczewski\/wp-json\/wp\/v2\/categories?post=922"},{"taxonomy":"post_tag","embeddable":true,"href":"https:\/\/blog.polityka.pl\/adamczewski\/wp-json\/wp\/v2\/tags?post=922"}],"curies":[{"name":"wp","href":"https:\/\/api.w.org\/{rel}","templated":true}]}}