
{"id":9221,"date":"2008-01-11T15:58:00","date_gmt":"2008-01-11T15:58:00","guid":{"rendered":"http:\/\/adamczewscy.pl\/?p=1253"},"modified":"2008-01-11T15:58:00","modified_gmt":"2008-01-11T15:58:00","slug":"mace-braj","status":"publish","type":"post","link":"https:\/\/blog.polityka.pl\/adamczewski\/2008\/01\/11\/mace-braj\/","title":{"rendered":"Mace braj"},"content":{"rendered":"<p><em>3 p\u0142atki macowe<br \/>\n3 jajka<br \/>\n1 szklanka zimnego mleka<br \/>\n2 \u0142y\u017cki cukru<br \/>\nszczypta soli<br \/>\nkropla zapachu waniliowego (niekoniecznie)<br \/>\nszczypta cynamonu<br \/>\ndo sma\u017cenia: 3 \u0142y\u017cki oliwy lub mas\u0142a <\/em><\/p>\n<p>Mac\u0119 pokruszy\u0107, zala\u0107 mlekiem na 10 minut, po czym odla\u0107 nadmiar nie wch\u0142oni\u0119tego mleka. Do namoczonej macy wla\u0107 jaja, doda\u0107 s\u00f3l, cukier, cynamon i ewentualnie zapach. Wymiesza\u0107 mas\u0119. Na patelni rozgrza\u0107 olej lub mas\u0142o, wyla\u0107 mas\u0119 i sma\u017cy\u0107 3 minuty, a\u017c sp\u00f3d si\u0119 dobrze zrumieni. Po\u0142ama\u0107 na spore kawa\u0142ki i ka\u017cdy przewr\u00f3ci\u0107 na drug\u0105 stron\u0119.<br \/>\nPodawa\u0107 z d\u017cemem, cukrem lub \u015bmietan\u0105.<br \/>\nMo\u017cna tak\u017ce przyrz\u0105dza\u0107 t\u0119 potraw\u0119 na s\u0142ono, maczaj\u0105c mac\u0119 w wodzie i nie dodaj\u0105c cukru, lecz nieco wi\u0119cej soli.<\/p>\n","protected":false},"excerpt":{"rendered":"<p>3 p\u0142atki macowe 3 jajka 1 szklanka zimnego mleka 2 \u0142y\u017cki cukru szczypta soli kropla zapachu waniliowego (niekoniecznie) szczypta cynamonu do sma\u017cenia: 3 \u0142y\u017cki oliwy lub mas\u0142a Mac\u0119 pokruszy\u0107, zala\u0107 mlekiem na 10 minut, po czym odla\u0107 nadmiar nie wch\u0142oni\u0119tego mleka. Do namoczonej macy wla\u0107 jaja, doda\u0107 s\u00f3l, cukier, cynamon i ewentualnie zapach. Wymiesza\u0107 mas\u0119. [&hellip;]<\/p>\n","protected":false},"author":2,"featured_media":0,"comment_status":"open","ping_status":"open","sticky":false,"template":"","format":"standard","meta":{"footnotes":""},"categories":[1],"tags":[],"_links":{"self":[{"href":"https:\/\/blog.polityka.pl\/adamczewski\/wp-json\/wp\/v2\/posts\/9221"}],"collection":[{"href":"https:\/\/blog.polityka.pl\/adamczewski\/wp-json\/wp\/v2\/posts"}],"about":[{"href":"https:\/\/blog.polityka.pl\/adamczewski\/wp-json\/wp\/v2\/types\/post"}],"author":[{"embeddable":true,"href":"https:\/\/blog.polityka.pl\/adamczewski\/wp-json\/wp\/v2\/users\/2"}],"replies":[{"embeddable":true,"href":"https:\/\/blog.polityka.pl\/adamczewski\/wp-json\/wp\/v2\/comments?post=9221"}],"version-history":[{"count":0,"href":"https:\/\/blog.polityka.pl\/adamczewski\/wp-json\/wp\/v2\/posts\/9221\/revisions"}],"wp:attachment":[{"href":"https:\/\/blog.polityka.pl\/adamczewski\/wp-json\/wp\/v2\/media?parent=9221"}],"wp:term":[{"taxonomy":"category","embeddable":true,"href":"https:\/\/blog.polityka.pl\/adamczewski\/wp-json\/wp\/v2\/categories?post=9221"},{"taxonomy":"post_tag","embeddable":true,"href":"https:\/\/blog.polityka.pl\/adamczewski\/wp-json\/wp\/v2\/tags?post=9221"}],"curies":[{"name":"wp","href":"https:\/\/api.w.org\/{rel}","templated":true}]}}