
{"id":923,"date":"2009-05-25T08:00:02","date_gmt":"2009-05-25T06:00:02","guid":{"rendered":"http:\/\/adamczewski.blog.polityka.pl\/?p=923"},"modified":"2009-05-24T22:21:13","modified_gmt":"2009-05-24T20:21:13","slug":"swieto-ksiazki-w-strugach-lez","status":"publish","type":"post","link":"https:\/\/blog.polityka.pl\/adamczewski\/2009\/05\/25\/swieto-ksiazki-w-strugach-lez\/","title":{"rendered":"\u015awi\u0119to ksi\u0105\u017cki w strugach \u0142ez"},"content":{"rendered":"<p>Na szcz\u0119\u015bcie to tylko przeno\u015bnia. \u0141zy by\u0142y boskiej produkcji. La\u0142o bowiem jak z cebra. A w Pu\u0142tusku, w kt\u00f3rym sp\u0119dzili\u015bmy sobotnie po\u0142udnie, do\u0142o\u017cyli do tego stra\u017cacy ze swoich sikawek, bo tu w\u0142a\u015bnie odbywa\u0142y si\u0119 wojew\u00f3dzkie obchody Dnia Stra\u017caka. Ale na stra\u017cak\u00f3w nie damy powiedzie\u0107 z\u0142ego s\u0142owa. Pierwszym go\u015bciem w nowej pu\u0142tuskiej ksi\u0119garni przy Rynku (vis a vis Ratusza) by\u0142 czterogwiazdkowy stra\u017cak (kapitan? Czy inne stopnie obowi\u0105zuj\u0105 w Stra\u017cy?), kt\u00f3ry obejrza\u0142 p\u00f3\u0142ki pe\u0142ne ksi\u0105\u017cek, zjad\u0142 ze smakiem ciasteczko wg. przepisu Babci Eufrozyny a upieczone przez Basi\u0119 i\u00a0 kupi\u0142 &#8222;Rodaku czy ci nie \u017cal&#8221;. Wpisali\u015bmy wi\u0119c dzielnemu oficerowi serdeczn\u0105 dedykacj\u0119 i nam\u00f3wili\u015bmy na drugie ciasteczko.<\/p>\n<p><img loading=\"lazy\" decoding=\"async\" class=\"aligncenter size-full wp-image-927\" title=\"lecino-wsrod-ksiazekp5230029\" src=\"\/wp-content\/uploads\/2009\/05\/lecino-wsrod-ksiazekp5230029.jpg\" alt=\"\" width=\"500\" height=\"375\" srcset=\"\/adamczewski\/wp-content\/uploads\/2009\/05\/lecino-wsrod-ksiazekp5230029.jpg 640w, \/adamczewski\/wp-content\/uploads\/2009\/05\/lecino-wsrod-ksiazekp5230029-300x225.jpg 300w\" sizes=\"(max-width: 500px) 100vw, 500px\" \/><\/p>\n<p><em>Pierwsza czytelniczka ( w g\u0142ebi w\u0142a\u015bcicielka ksi\u0119garni Monika Biernat) i Basia<\/em><\/p>\n<p>Mimo strug deszczu (czasem tylko wygl\u0105da\u0142o s\u0142onko) klienci zagl\u0105dali do ksi\u0119garni. Rozmawiali\u015bmy z nimi ciekawie. Jedni pytali ju\u017c o przysz\u0142oroczne podr\u0119czni, inni o literatur\u0119. Mi\u0142o pogwarzy\u0142o si\u0119 np. o ksi\u0105\u017ckach Ryszarda Kapu\u015bci\u0144skiego, kt\u00f3rego dzie\u0142 zabrak\u0142o ale za dwa dni b\u0119d\u0105 sprowadzone nast\u0119pne egzemplarze.<br \/>\nOpr\u00f3cz mi\u0142o\u015bnik\u00f3w ksi\u0105\u017cek byli i tacy, kt\u00f3rzy przychodzili by schroni\u0107 si\u0119 przed ulew\u0105. Ale i z nimi udawa\u0142o si\u0119 zamieni\u0107 par\u0119 s\u0142\u00f3w o ksi\u0105\u017ckach. Z\u0142o\u017cyli\u015bmy par\u0119 autograf\u00f3w, us\u0142yszeli\u015bmy kilka komplement\u00f3w ale i takie zdanie te\u017c: &#8222;Popatrz to kulinarne! Chod\u017amy st\u0105d!&#8221;. I\u00a0 poszli.<\/p>\n<p><img loading=\"lazy\" decoding=\"async\" class=\"aligncenter size-full wp-image-928\" title=\"lecino-wywiad-basip5230028\" src=\"\/wp-content\/uploads\/2009\/05\/lecino-wywiad-basip5230028.jpg\" alt=\"\" width=\"500\" height=\"375\" srcset=\"\/adamczewski\/wp-content\/uploads\/2009\/05\/lecino-wywiad-basip5230028.jpg 640w, \/adamczewski\/wp-content\/uploads\/2009\/05\/lecino-wywiad-basip5230028-300x225.jpg 300w\" sizes=\"(max-width: 500px) 100vw, 500px\" \/><\/p>\n<p><em>Red. Dzier\u017canowska robi wywiad z Basi\u0105<\/em><\/p>\n<p>O rynku czytelniczym w Pu\u0142tusku b\u0119dziemy wi\u0119cej wiedzie\u0107 za tydzie\u0144. Znowu bowiem zasi\u0105dziemy w ksi\u0119garni przy Rynku w sobot\u0119. Ale b\u0119dzie to normalna sobota, a rynek b\u0119dzie pe\u0142en ludzi, bo czynne b\u0119dzie targowisko, kt\u00f3re tym razem wypar\u0142y czerwone, bojowe wozy stra\u017cackie.<\/p>\n<p>Na koniec pochwali\u0107 si\u0119 musz\u0119 wizyt\u0105 red. Gra\u017cyny\u00a0 Dzier\u017canowskiej\u00a0 przedstawicielki miejscowej prasy. Pani redaktor obfotografowa\u0142a nas i ksi\u0105\u017cki oraz nagra\u0142a rozmow\u0119 z Basi\u0105 i ze mn\u0105 tak\u017ce. Zacytuj\u0119 co celniejsze fragmenty gdy zostanie opublikowany tekst.<\/p>\n<p><img loading=\"lazy\" decoding=\"async\" class=\"aligncenter size-full wp-image-929\" title=\"lecino-rododendron-p5220024\" src=\"\/wp-content\/uploads\/2009\/05\/lecino-rododendron-p5220024.jpg\" alt=\"\" width=\"500\" height=\"375\" srcset=\"\/adamczewski\/wp-content\/uploads\/2009\/05\/lecino-rododendron-p5220024.jpg 640w, \/adamczewski\/wp-content\/uploads\/2009\/05\/lecino-rododendron-p5220024-300x225.jpg 300w\" sizes=\"(max-width: 500px) 100vw, 500px\" \/><\/p>\n<p><em>A w naszym ogrodzie, pod werand\u0105 rozkwit\u0142 po raz pierwszy rododendron<\/em><\/p>\n<p>I tyle relacji z pi\u0119knego, deszczowego\u00a0 Pu\u0142tuska. A w niedziel\u0119 dalszy ci\u0105g \u015bwi\u0119ta ksi\u0105\u017cek. W PKiN.<br \/>\nLos poszcz\u0119\u015bci\u0142. Pogoda by\u0142a jak w Austrii u Pana Lulka to znaczy kr\u00f3lewska. W Pa\u0142acu Kultury t\u0142ok jak cholera. T\u0142umy targowe przechadzaj\u0105 si\u0119 tam i z powrotem zatrzymuj\u0105c si\u0119 przy lubianych autorach. U nas post\u00f3j d\u0142u\u017cszy, bo my ch\u0119tni do rozm\u00f3w. A i Czytelnicy znani, przychodz\u0105cy co roku. Na przyk\u0142ad Ma\u0142gosia W. (zaraz j\u0105 zobaczycie na zdj\u0119ciu), Marek K. Oczywi\u015bcie ze s\u0142ynna rur\u0105. Wpad\u0142 Tadeusz Olsza\u0144ski, Henryk Sawka, Maciej Wojtyszko.<\/p>\n<p><img loading=\"lazy\" decoding=\"async\" class=\"aligncenter size-full wp-image-930\" title=\"targi-ksiazki-2009-b-p5240002\" src=\"\/wp-content\/uploads\/2009\/05\/targi-ksiazki-2009-b-p5240002.jpg\" alt=\"\" width=\"500\" height=\"375\" srcset=\"\/adamczewski\/wp-content\/uploads\/2009\/05\/targi-ksiazki-2009-b-p5240002.jpg 640w, \/adamczewski\/wp-content\/uploads\/2009\/05\/targi-ksiazki-2009-b-p5240002-300x225.jpg 300w\" sizes=\"(max-width: 500px) 100vw, 500px\" \/><\/p>\n<p><em>Ma\u0142gosia ma ksi\u0105\u017ck\u0119 ju\u017c podpisan\u0105<\/em><\/p>\n<p>Z\u0142o\u017cyli\u015bmy podpis\u00f3w co niemiara. Udzielili\u015bmy par\u0119 porad kulinarnych nastoletnim mi\u0142o\u015bnikom kuchni. Dwie godziny min\u0119\u0142y jak z bicza trzas\u0142. To by\u0142 naprawd\u0119 uroczy dzie\u0144. A zako\u0144czy\u0142 si\u0119 imieninami Zuzi ? naszej wnuczki i wieczornym koncertem ch\u00f3ru naszej c\u00f3rki Agaty. Rozumiecie wi\u0119c t\u0119 moj\u0105 eufori\u0119. Spokojniej i szczeg\u00f3\u0142owo o odbiorze naszej ksi\u0105\u017cki i spotkaniach z Czytelnikami jeszcze raz napisz\u0119 po kolejnym dniu w ksi\u0119garni przy Rynku w Pu\u0142tusku. B\u0119dziemy tam ponownie w najbli\u017csz\u0105 sobot\u0119 od 10 rano. Tymczasem pa!<\/p>\n<p><img loading=\"lazy\" decoding=\"async\" class=\"aligncenter size-full wp-image-931\" title=\"targi-ksiazki-2009-p5240006\" src=\"\/wp-content\/uploads\/2009\/05\/targi-ksiazki-2009-p5240006.jpg\" alt=\"\" width=\"360\" height=\"480\" srcset=\"\/adamczewski\/wp-content\/uploads\/2009\/05\/targi-ksiazki-2009-p5240006.jpg 360w, \/adamczewski\/wp-content\/uploads\/2009\/05\/targi-ksiazki-2009-p5240006-225x300.jpg 225w\" sizes=\"(max-width: 360px) 100vw, 360px\" \/><\/p>\n<p><em>Niekt\u00f3rzy Czytelnicy odwiedzaja nas co rok<\/em><\/p>\n","protected":false},"excerpt":{"rendered":"<p>Na szcz\u0119\u015bcie to tylko przeno\u015bnia. \u0141zy by\u0142y boskiej produkcji. La\u0142o bowiem jak z cebra. A w Pu\u0142tusku, w kt\u00f3rym sp\u0119dzili\u015bmy sobotnie po\u0142udnie, do\u0142o\u017cyli do tego stra\u017cacy ze swoich sikawek, bo tu w\u0142a\u015bnie odbywa\u0142y si\u0119 wojew\u00f3dzkie obchody Dnia Stra\u017caka. Ale na stra\u017cak\u00f3w nie damy powiedzie\u0107 z\u0142ego s\u0142owa. Pierwszym go\u015bciem w nowej pu\u0142tuskiej ksi\u0119garni przy Rynku (vis [&hellip;]<\/p>\n","protected":false},"author":2,"featured_media":0,"comment_status":"open","ping_status":"open","sticky":false,"template":"","format":"standard","meta":{"footnotes":""},"categories":[1],"tags":[],"_links":{"self":[{"href":"https:\/\/blog.polityka.pl\/adamczewski\/wp-json\/wp\/v2\/posts\/923"}],"collection":[{"href":"https:\/\/blog.polityka.pl\/adamczewski\/wp-json\/wp\/v2\/posts"}],"about":[{"href":"https:\/\/blog.polityka.pl\/adamczewski\/wp-json\/wp\/v2\/types\/post"}],"author":[{"embeddable":true,"href":"https:\/\/blog.polityka.pl\/adamczewski\/wp-json\/wp\/v2\/users\/2"}],"replies":[{"embeddable":true,"href":"https:\/\/blog.polityka.pl\/adamczewski\/wp-json\/wp\/v2\/comments?post=923"}],"version-history":[{"count":0,"href":"https:\/\/blog.polityka.pl\/adamczewski\/wp-json\/wp\/v2\/posts\/923\/revisions"}],"wp:attachment":[{"href":"https:\/\/blog.polityka.pl\/adamczewski\/wp-json\/wp\/v2\/media?parent=923"}],"wp:term":[{"taxonomy":"category","embeddable":true,"href":"https:\/\/blog.polityka.pl\/adamczewski\/wp-json\/wp\/v2\/categories?post=923"},{"taxonomy":"post_tag","embeddable":true,"href":"https:\/\/blog.polityka.pl\/adamczewski\/wp-json\/wp\/v2\/tags?post=923"}],"curies":[{"name":"wp","href":"https:\/\/api.w.org\/{rel}","templated":true}]}}