
{"id":9230,"date":"2008-01-11T15:58:00","date_gmt":"2008-01-11T15:58:00","guid":{"rendered":"http:\/\/adamczewscy.pl\/?p=1262"},"modified":"2008-01-11T15:58:00","modified_gmt":"2008-01-11T15:58:00","slug":"zupa-z-soczewicy","status":"publish","type":"post","link":"https:\/\/blog.polityka.pl\/adamczewski\/2008\/01\/11\/zupa-z-soczewicy\/","title":{"rendered":"Zupa z soczewicy"},"content":{"rendered":"<p>2 szklanki soczewicy<br \/>\n4\u00965 pomidor\u00f3w<br \/>\n4 \u0142y\u017cki mas\u0142a lub margaryny<br \/>\n30\u009650 dag mi\u0119sa baraniego lub jagni\u0119cego<br \/>\nkawa\u0142ek selera<br \/>\n1 pietruszka<br \/>\n1 str\u0105k \u015bwie\u017cej papryki<br \/>\n1 p\u0119czek dymki<br \/>\ns\u00f3l<br \/>\npieprz<br \/>\n2\u00963 szklanki wody<\/p>\n<p>Soczewic\u0119 namoczy\u0107 na noc. Rano rozgrza\u0107 mas\u0142o lub margaryn\u0119 i podsma\u017cy\u0107 posiekane drobno dymki. Mi\u0119so pokroi\u0107 w kostk\u0119, doda\u0107 do cebuli i razem dusi\u0107 oko\u0142o kwadransa. Nie dopu\u015bci\u0107 do przypalenia. Doda\u0107 do mi\u0119sa ods\u0105czon\u0105 soczewic\u0119, 2\u00963 szklanki wody, pokrojone warzywa i papryk\u0119. Gotowa\u0107 oko\u0142o godziny i doda\u0107 pokrojone drobno pomidory. Gotowa\u0107 dalsze p\u00f3\u0142 godziny, cz\u0119sto mieszaj\u0105c i  przyprawiaj\u0105c pieprzem i sol\u0105.<\/p>\n","protected":false},"excerpt":{"rendered":"<p>2 szklanki soczewicy 4\u00965 pomidor\u00f3w 4 \u0142y\u017cki mas\u0142a lub margaryny 30\u009650 dag mi\u0119sa baraniego lub jagni\u0119cego kawa\u0142ek selera 1 pietruszka 1 str\u0105k \u015bwie\u017cej papryki 1 p\u0119czek dymki s\u00f3l pieprz 2\u00963 szklanki wody Soczewic\u0119 namoczy\u0107 na noc. Rano rozgrza\u0107 mas\u0142o lub margaryn\u0119 i podsma\u017cy\u0107 posiekane drobno dymki. Mi\u0119so pokroi\u0107 w kostk\u0119, doda\u0107 do cebuli i razem [&hellip;]<\/p>\n","protected":false},"author":2,"featured_media":0,"comment_status":"open","ping_status":"open","sticky":false,"template":"","format":"standard","meta":{"footnotes":""},"categories":[1],"tags":[],"_links":{"self":[{"href":"https:\/\/blog.polityka.pl\/adamczewski\/wp-json\/wp\/v2\/posts\/9230"}],"collection":[{"href":"https:\/\/blog.polityka.pl\/adamczewski\/wp-json\/wp\/v2\/posts"}],"about":[{"href":"https:\/\/blog.polityka.pl\/adamczewski\/wp-json\/wp\/v2\/types\/post"}],"author":[{"embeddable":true,"href":"https:\/\/blog.polityka.pl\/adamczewski\/wp-json\/wp\/v2\/users\/2"}],"replies":[{"embeddable":true,"href":"https:\/\/blog.polityka.pl\/adamczewski\/wp-json\/wp\/v2\/comments?post=9230"}],"version-history":[{"count":0,"href":"https:\/\/blog.polityka.pl\/adamczewski\/wp-json\/wp\/v2\/posts\/9230\/revisions"}],"wp:attachment":[{"href":"https:\/\/blog.polityka.pl\/adamczewski\/wp-json\/wp\/v2\/media?parent=9230"}],"wp:term":[{"taxonomy":"category","embeddable":true,"href":"https:\/\/blog.polityka.pl\/adamczewski\/wp-json\/wp\/v2\/categories?post=9230"},{"taxonomy":"post_tag","embeddable":true,"href":"https:\/\/blog.polityka.pl\/adamczewski\/wp-json\/wp\/v2\/tags?post=9230"}],"curies":[{"name":"wp","href":"https:\/\/api.w.org\/{rel}","templated":true}]}}