
{"id":925,"date":"2009-05-27T08:00:09","date_gmt":"2009-05-27T06:00:09","guid":{"rendered":"http:\/\/adamczewski.blog.polityka.pl\/?p=925"},"modified":"2009-05-24T21:57:56","modified_gmt":"2009-05-24T19:57:56","slug":"zgadnij-co-gotujemy135","status":"publish","type":"post","link":"https:\/\/blog.polityka.pl\/adamczewski\/2009\/05\/27\/zgadnij-co-gotujemy135\/","title":{"rendered":"Zgadnij co gotujemy?(135)"},"content":{"rendered":"<p>Czwarta i na razie ostatnia &#8222;Europa&#8221; opu\u015bci moj\u0105 p\u00f3\u0142k\u0119 i poleci do nowego w\u0142a\u015bciciela ( lub -lki). A my b\u0119dziemy si\u0119 cieszy\u0107, \u017ce pomaga godnie podejmowa\u0107 go\u015bci podpowiadaj\u0105c dania przez nas wybrane, opracowane i lubiane. Oto pytania:<\/p>\n<p>1\u00a0 Garrotxa to rzemie\u0144 s\u0142u\u017c\u0105cy do duszenia przeciwnik\u00f3w u\u017cywany przez sycylijskich mafioso czy co innego?<\/p>\n<p>2 Czy w ca\u0142ej Europie zakazano tuczu g\u0119si na st\u0142uszczone w\u0105troby czyli foie gras?<\/p>\n<p>3 Co powodowa\u0142o, \u017ce podczas epidemii cholery w XI\u00a0 w Belgii nakazywano pi\u0107 wy\u0142\u0105cznie piwo?<\/p>\n<p>No i pi\u0119knie zilustrowana ksi\u0105\u017cka ju\u017c ma swego w\u0142a\u015bciciela. A b\u0119dzie nim ta osoba, kt\u00f3ra pierwsza przy\u015ble list elektroniczny na adres <a href=\"mailto:internet@polityka.com.pl\">internet@polityka.com.pl<\/a> ja za\u015b tylko sprawdz\u0119 odpowiedzi i ju\u017c wzywam listonosza.<\/p>\n<p>\u00a0<\/p>\n<p>\u00a0<\/p>\n","protected":false},"excerpt":{"rendered":"<p>Czwarta i na razie ostatnia &#8222;Europa&#8221; opu\u015bci moj\u0105 p\u00f3\u0142k\u0119 i poleci do nowego w\u0142a\u015bciciela ( lub -lki). A my b\u0119dziemy si\u0119 cieszy\u0107, \u017ce pomaga godnie podejmowa\u0107 go\u015bci podpowiadaj\u0105c dania przez nas wybrane, opracowane i lubiane. Oto pytania: 1\u00a0 Garrotxa to rzemie\u0144 s\u0142u\u017c\u0105cy do duszenia przeciwnik\u00f3w u\u017cywany przez sycylijskich mafioso czy co innego? 2 Czy w [&hellip;]<\/p>\n","protected":false},"author":2,"featured_media":0,"comment_status":"open","ping_status":"open","sticky":false,"template":"","format":"standard","meta":{"footnotes":""},"categories":[1],"tags":[],"_links":{"self":[{"href":"https:\/\/blog.polityka.pl\/adamczewski\/wp-json\/wp\/v2\/posts\/925"}],"collection":[{"href":"https:\/\/blog.polityka.pl\/adamczewski\/wp-json\/wp\/v2\/posts"}],"about":[{"href":"https:\/\/blog.polityka.pl\/adamczewski\/wp-json\/wp\/v2\/types\/post"}],"author":[{"embeddable":true,"href":"https:\/\/blog.polityka.pl\/adamczewski\/wp-json\/wp\/v2\/users\/2"}],"replies":[{"embeddable":true,"href":"https:\/\/blog.polityka.pl\/adamczewski\/wp-json\/wp\/v2\/comments?post=925"}],"version-history":[{"count":0,"href":"https:\/\/blog.polityka.pl\/adamczewski\/wp-json\/wp\/v2\/posts\/925\/revisions"}],"wp:attachment":[{"href":"https:\/\/blog.polityka.pl\/adamczewski\/wp-json\/wp\/v2\/media?parent=925"}],"wp:term":[{"taxonomy":"category","embeddable":true,"href":"https:\/\/blog.polityka.pl\/adamczewski\/wp-json\/wp\/v2\/categories?post=925"},{"taxonomy":"post_tag","embeddable":true,"href":"https:\/\/blog.polityka.pl\/adamczewski\/wp-json\/wp\/v2\/tags?post=925"}],"curies":[{"name":"wp","href":"https:\/\/api.w.org\/{rel}","templated":true}]}}