
{"id":9268,"date":"2008-01-11T15:58:00","date_gmt":"2008-01-11T15:58:00","guid":{"rendered":"http:\/\/adamczewscy.pl\/?p=1303"},"modified":"2008-01-11T15:58:00","modified_gmt":"2008-01-11T15:58:00","slug":"poncz-szkocki","status":"publish","type":"post","link":"https:\/\/blog.polityka.pl\/adamczewski\/2008\/01\/11\/poncz-szkocki\/","title":{"rendered":"Poncz szkocki"},"content":{"rendered":"<p>10 plasterk\u00f3w cytryny, 10 \u0142y\u017ceczek cukru, cynamon, go\u009fdziki, 3\/4 l esencji czarnej herbaty, ? l whisky<\/p>\n<p>Do ka\u017cdej szklanki w\u0142o\u017cy\u0107 plasterek cytryny i posypa\u0107 cukrem. Doda\u0107 go\u009fdziki i kawa\u0142eczek cynamonu, wla\u0107 wrz\u0105c\u0105 esencj\u0119 do wysoko\u015bci<br \/>\n2\/3 szklanki. Dola\u0107 whisky i zamiesza\u0107. Pi\u0107 gor\u0105cy.<\/p>\n","protected":false},"excerpt":{"rendered":"<p>10 plasterk\u00f3w cytryny, 10 \u0142y\u017ceczek cukru, cynamon, go\u009fdziki, 3\/4 l esencji czarnej herbaty, ? l whisky Do ka\u017cdej szklanki w\u0142o\u017cy\u0107 plasterek cytryny i posypa\u0107 cukrem. Doda\u0107 go\u009fdziki i kawa\u0142eczek cynamonu, wla\u0107 wrz\u0105c\u0105 esencj\u0119 do wysoko\u015bci 2\/3 szklanki. Dola\u0107 whisky i zamiesza\u0107. Pi\u0107 gor\u0105cy.<\/p>\n","protected":false},"author":2,"featured_media":0,"comment_status":"open","ping_status":"open","sticky":false,"template":"","format":"standard","meta":{"footnotes":""},"categories":[1],"tags":[],"_links":{"self":[{"href":"https:\/\/blog.polityka.pl\/adamczewski\/wp-json\/wp\/v2\/posts\/9268"}],"collection":[{"href":"https:\/\/blog.polityka.pl\/adamczewski\/wp-json\/wp\/v2\/posts"}],"about":[{"href":"https:\/\/blog.polityka.pl\/adamczewski\/wp-json\/wp\/v2\/types\/post"}],"author":[{"embeddable":true,"href":"https:\/\/blog.polityka.pl\/adamczewski\/wp-json\/wp\/v2\/users\/2"}],"replies":[{"embeddable":true,"href":"https:\/\/blog.polityka.pl\/adamczewski\/wp-json\/wp\/v2\/comments?post=9268"}],"version-history":[{"count":0,"href":"https:\/\/blog.polityka.pl\/adamczewski\/wp-json\/wp\/v2\/posts\/9268\/revisions"}],"wp:attachment":[{"href":"https:\/\/blog.polityka.pl\/adamczewski\/wp-json\/wp\/v2\/media?parent=9268"}],"wp:term":[{"taxonomy":"category","embeddable":true,"href":"https:\/\/blog.polityka.pl\/adamczewski\/wp-json\/wp\/v2\/categories?post=9268"},{"taxonomy":"post_tag","embeddable":true,"href":"https:\/\/blog.polityka.pl\/adamczewski\/wp-json\/wp\/v2\/tags?post=9268"}],"curies":[{"name":"wp","href":"https:\/\/api.w.org\/{rel}","templated":true}]}}