
{"id":9284,"date":"2008-01-11T15:58:00","date_gmt":"2008-01-11T15:58:00","guid":{"rendered":"http:\/\/adamczewscy.pl\/?p=1319"},"modified":"2008-01-11T15:58:00","modified_gmt":"2008-01-11T15:58:00","slug":"tort-kawowy-z-orzechami","status":"publish","type":"post","link":"https:\/\/blog.polityka.pl\/adamczewski\/2008\/01\/11\/tort-kawowy-z-orzechami\/","title":{"rendered":"Tort kawowy z orzechami"},"content":{"rendered":"<p>25 dag orzech\u00f3w w\u0142oskich, 20 dag cukru pudru, 8 jaj, 1 cytryna, 3 \u0142y\u017cki tartej bu\u0142ki<br \/>\nna krem: 4 kopiaste \u0142y\u017cki bardzo mocnej \u015bwie\u017co parzonej kawy,  30 dag mas\u0142a, 20 dag cukru pudru, 100 ml likieru kawowego<br \/>\ndo przygotowania blaszki: mas\u0142o, tarta bu\u0142ka <\/p>\n<p>Z \u017c\u00f3\u0142tek i cukru utrze\u0107 kogel-mogel. Doda\u0107 sok z cytryny. Ubi\u0107 pian\u0119 z bia\u0142ek. Zmiesza\u0107 zmielone orzechy, tart\u0105 bu\u0142k\u0119, kogel-mogel i doda\u0107 ostro\u017cnie pian\u0119 z bia\u0142ek. Tortownic\u0119 wysmarowa\u0107 mas\u0142em i wysypa\u0107 bu\u0142k\u0105. U\u0142o\u017cy\u0107 w niej s\u0142odk\u0105 mas\u0119 i piec 50 minut w temperaturze 180? C. Mas\u0142o, cukier i kaw\u0119 utrze\u0107 na g\u0142adk\u0105 mas\u0119. Wystudzony tort przekroi\u0107 na dwa blaty, ka\u017cdy skropi\u0107 reszt\u0105 likieru kawowego i prze\u0142o\u017cy\u0107 je po\u0142ow\u0105 kawowego kremu. Pozosta\u0142\u0105 cz\u0119\u015bci\u0105 kremu wysmarowa\u0107 wierzch i boki tortu. Wierzch przybra\u0107 te\u017c po\u0142\u00f3wkami w\u0142oskich orzech\u00f3w. Podawa\u0107 mocno sch\u0142odzony.<\/p>\n","protected":false},"excerpt":{"rendered":"<p>25 dag orzech\u00f3w w\u0142oskich, 20 dag cukru pudru, 8 jaj, 1 cytryna, 3 \u0142y\u017cki tartej bu\u0142ki na krem: 4 kopiaste \u0142y\u017cki bardzo mocnej \u015bwie\u017co parzonej kawy, 30 dag mas\u0142a, 20 dag cukru pudru, 100 ml likieru kawowego do przygotowania blaszki: mas\u0142o, tarta bu\u0142ka Z \u017c\u00f3\u0142tek i cukru utrze\u0107 kogel-mogel. Doda\u0107 sok z cytryny. Ubi\u0107 pian\u0119 [&hellip;]<\/p>\n","protected":false},"author":2,"featured_media":0,"comment_status":"open","ping_status":"open","sticky":false,"template":"","format":"standard","meta":{"footnotes":""},"categories":[1],"tags":[],"_links":{"self":[{"href":"https:\/\/blog.polityka.pl\/adamczewski\/wp-json\/wp\/v2\/posts\/9284"}],"collection":[{"href":"https:\/\/blog.polityka.pl\/adamczewski\/wp-json\/wp\/v2\/posts"}],"about":[{"href":"https:\/\/blog.polityka.pl\/adamczewski\/wp-json\/wp\/v2\/types\/post"}],"author":[{"embeddable":true,"href":"https:\/\/blog.polityka.pl\/adamczewski\/wp-json\/wp\/v2\/users\/2"}],"replies":[{"embeddable":true,"href":"https:\/\/blog.polityka.pl\/adamczewski\/wp-json\/wp\/v2\/comments?post=9284"}],"version-history":[{"count":0,"href":"https:\/\/blog.polityka.pl\/adamczewski\/wp-json\/wp\/v2\/posts\/9284\/revisions"}],"wp:attachment":[{"href":"https:\/\/blog.polityka.pl\/adamczewski\/wp-json\/wp\/v2\/media?parent=9284"}],"wp:term":[{"taxonomy":"category","embeddable":true,"href":"https:\/\/blog.polityka.pl\/adamczewski\/wp-json\/wp\/v2\/categories?post=9284"},{"taxonomy":"post_tag","embeddable":true,"href":"https:\/\/blog.polityka.pl\/adamczewski\/wp-json\/wp\/v2\/tags?post=9284"}],"curies":[{"name":"wp","href":"https:\/\/api.w.org\/{rel}","templated":true}]}}