
{"id":9295,"date":"2008-01-11T15:58:00","date_gmt":"2008-01-11T15:58:00","guid":{"rendered":"http:\/\/adamczewscy.pl\/?p=1330"},"modified":"2008-01-11T15:58:00","modified_gmt":"2008-01-11T15:58:00","slug":"dorsz-plywajacy-w-bialym-winie","status":"publish","type":"post","link":"https:\/\/blog.polityka.pl\/adamczewski\/2008\/01\/11\/dorsz-plywajacy-w-bialym-winie\/","title":{"rendered":"Dorsz p\u0142ywaj\u0105cy w bia\u0142ym winie"},"content":{"rendered":"<p>1 kg filet\u00f3w z dorsza, 125 ml oliwy z oliwek, 2 cebule, mas\u0142o, 50 dag pomidor\u00f3w, czosnek, 125 ml bia\u0142ego wytrawnego wina, s\u00f3l, \u015bwie\u017co zmielony pieprz, natka pietruszki<\/p>\n<p>Filety umy\u0107 i pokroi\u0107 na mniejsze kawa\u0142ki. U\u0142o\u017cy\u0107 w garnku i pola\u0107 oliw\u0105. Odstawi\u0107 na godzin\u0119. Obra\u0107 cebule, pokroi\u0107 je w plasterki i podsma\u017cy\u0107 na ma\u015ble, a\u017c si\u0119 zarumieni\u0105. Do\u0142o\u017cy\u0107 obrane i te\u017c pokrojone w plasterki pomidory, wyci\u015bni\u0119ty czosnek i wino. Wymiesza\u0107, posoli\u0107, doprawi\u0107 pieprzem. Zagotowa\u0107 i prze\u0142o\u017cy\u0107 do garnka z ryb\u0105. Dusi\u0107 pod pokrywk\u0105 na ma\u0142ym ogniu przez 20 minut. Wyj\u0105\u0107 kawa\u0142ki ryby i u\u0142o\u017cy\u0107 na podgrzanym p\u00f3\u0142misku. Trzyma\u0107 w cieple. Uduszone warzywa posypa\u0107 posiekan\u0105 natk\u0105 pietruszki, podgrza\u0107 i pola\u0107 nimi dorsza. Podawa\u0107 z ry\u017cem.<\/p>\n","protected":false},"excerpt":{"rendered":"<p>1 kg filet\u00f3w z dorsza, 125 ml oliwy z oliwek, 2 cebule, mas\u0142o, 50 dag pomidor\u00f3w, czosnek, 125 ml bia\u0142ego wytrawnego wina, s\u00f3l, \u015bwie\u017co zmielony pieprz, natka pietruszki Filety umy\u0107 i pokroi\u0107 na mniejsze kawa\u0142ki. U\u0142o\u017cy\u0107 w garnku i pola\u0107 oliw\u0105. Odstawi\u0107 na godzin\u0119. Obra\u0107 cebule, pokroi\u0107 je w plasterki i podsma\u017cy\u0107 na ma\u015ble, a\u017c [&hellip;]<\/p>\n","protected":false},"author":2,"featured_media":0,"comment_status":"open","ping_status":"open","sticky":false,"template":"","format":"standard","meta":{"footnotes":""},"categories":[1],"tags":[],"_links":{"self":[{"href":"https:\/\/blog.polityka.pl\/adamczewski\/wp-json\/wp\/v2\/posts\/9295"}],"collection":[{"href":"https:\/\/blog.polityka.pl\/adamczewski\/wp-json\/wp\/v2\/posts"}],"about":[{"href":"https:\/\/blog.polityka.pl\/adamczewski\/wp-json\/wp\/v2\/types\/post"}],"author":[{"embeddable":true,"href":"https:\/\/blog.polityka.pl\/adamczewski\/wp-json\/wp\/v2\/users\/2"}],"replies":[{"embeddable":true,"href":"https:\/\/blog.polityka.pl\/adamczewski\/wp-json\/wp\/v2\/comments?post=9295"}],"version-history":[{"count":0,"href":"https:\/\/blog.polityka.pl\/adamczewski\/wp-json\/wp\/v2\/posts\/9295\/revisions"}],"wp:attachment":[{"href":"https:\/\/blog.polityka.pl\/adamczewski\/wp-json\/wp\/v2\/media?parent=9295"}],"wp:term":[{"taxonomy":"category","embeddable":true,"href":"https:\/\/blog.polityka.pl\/adamczewski\/wp-json\/wp\/v2\/categories?post=9295"},{"taxonomy":"post_tag","embeddable":true,"href":"https:\/\/blog.polityka.pl\/adamczewski\/wp-json\/wp\/v2\/tags?post=9295"}],"curies":[{"name":"wp","href":"https:\/\/api.w.org\/{rel}","templated":true}]}}