
{"id":9309,"date":"2008-01-11T15:58:00","date_gmt":"2008-01-11T15:58:00","guid":{"rendered":"http:\/\/adamczewscy.pl\/?p=1344"},"modified":"2008-01-11T15:58:00","modified_gmt":"2008-01-11T15:58:00","slug":"kurczak-z-karaibow","status":"publish","type":"post","link":"https:\/\/blog.polityka.pl\/adamczewski\/2008\/01\/11\/kurczak-z-karaibow\/","title":{"rendered":"Kurczak z Karaib\u00f3w"},"content":{"rendered":"<p>4  filety z piersi kurczaka, 1 l soku z pomara\u0144czy, 2 kostki bulionu, sos chili, s\u00f3l, pieprz, seler naciowy, papryka w r\u00f3\u017cnych kolorach, sok z cytryny<\/p>\n<p>Filety lekko zbi\u0107, posoli\u0107 i posypa\u0107 \u015bwie\u017co zmielonym pieprzem. Obsma\u017cy\u0107 piersi ze wszystkich stron na z\u0142oto. Bulion z kostek zagotowa\u0107<br \/>\nz sokiem pomara\u0144czowym. Gotowa\u0107, a\u017c 1\/3 p\u0142ynu odparuje. Wstawi\u0107 mi\u0119so do piekarnika i piec 30\u009640 minut. W ostatniej chwili tu\u017c przed podaniem ob\u0142o\u017cy\u0107 r\u00f3\u017cnokolorowymi paprykami, selerem naciowym i pola\u0107 sosem chili zmieszanym z sokiem cytrynowym i pomara\u0144czowym.<\/p>\n","protected":false},"excerpt":{"rendered":"<p>4 filety z piersi kurczaka, 1 l soku z pomara\u0144czy, 2 kostki bulionu, sos chili, s\u00f3l, pieprz, seler naciowy, papryka w r\u00f3\u017cnych kolorach, sok z cytryny Filety lekko zbi\u0107, posoli\u0107 i posypa\u0107 \u015bwie\u017co zmielonym pieprzem. Obsma\u017cy\u0107 piersi ze wszystkich stron na z\u0142oto. Bulion z kostek zagotowa\u0107 z sokiem pomara\u0144czowym. Gotowa\u0107, a\u017c 1\/3 p\u0142ynu odparuje. Wstawi\u0107 [&hellip;]<\/p>\n","protected":false},"author":2,"featured_media":0,"comment_status":"open","ping_status":"open","sticky":false,"template":"","format":"standard","meta":{"footnotes":""},"categories":[1],"tags":[],"_links":{"self":[{"href":"https:\/\/blog.polityka.pl\/adamczewski\/wp-json\/wp\/v2\/posts\/9309"}],"collection":[{"href":"https:\/\/blog.polityka.pl\/adamczewski\/wp-json\/wp\/v2\/posts"}],"about":[{"href":"https:\/\/blog.polityka.pl\/adamczewski\/wp-json\/wp\/v2\/types\/post"}],"author":[{"embeddable":true,"href":"https:\/\/blog.polityka.pl\/adamczewski\/wp-json\/wp\/v2\/users\/2"}],"replies":[{"embeddable":true,"href":"https:\/\/blog.polityka.pl\/adamczewski\/wp-json\/wp\/v2\/comments?post=9309"}],"version-history":[{"count":0,"href":"https:\/\/blog.polityka.pl\/adamczewski\/wp-json\/wp\/v2\/posts\/9309\/revisions"}],"wp:attachment":[{"href":"https:\/\/blog.polityka.pl\/adamczewski\/wp-json\/wp\/v2\/media?parent=9309"}],"wp:term":[{"taxonomy":"category","embeddable":true,"href":"https:\/\/blog.polityka.pl\/adamczewski\/wp-json\/wp\/v2\/categories?post=9309"},{"taxonomy":"post_tag","embeddable":true,"href":"https:\/\/blog.polityka.pl\/adamczewski\/wp-json\/wp\/v2\/tags?post=9309"}],"curies":[{"name":"wp","href":"https:\/\/api.w.org\/{rel}","templated":true}]}}