
{"id":9320,"date":"2008-01-11T15:58:00","date_gmt":"2008-01-11T15:58:00","guid":{"rendered":"http:\/\/adamczewscy.pl\/?p=1355"},"modified":"2008-01-11T15:58:00","modified_gmt":"2008-01-11T15:58:00","slug":"kartoflanka","status":"publish","type":"post","link":"https:\/\/blog.polityka.pl\/adamczewski\/2008\/01\/11\/kartoflanka\/","title":{"rendered":"Kartoflanka"},"content":{"rendered":"<p>50 dag kartofli, 1 marchew, 1 pietruszka, 1 por, 1 cebula,<br \/>\n? selera, 10 dag w\u0119dzonego boczku, 1 \u0142y\u017cka pokrojonego kopru, s\u00f3l, pieprz, 11\/2 l wody<\/p>\n<p>Warzywa obra\u0107, umy\u0107 i pokroi\u0107. Kartofle obra\u0107 i te\u017c pokroi\u0107 w kostk\u0119. Pokrojony boczek podsma\u017cy\u0107 na patelni. Do garnka w\u0142o\u017cy\u0107 warzywa i kartofle. Doda\u0107 podsma\u017cony boczek wraz z t\u0142uszczem od sma\u017cenia. Wla\u0107 troch\u0119 wody i dusi\u0107 5 minut, stale mieszaj\u0105c. Wla\u0107 reszt\u0119 wrz\u0105cej wody, odrobin\u0119 posoli\u0107, przykry\u0107 garnek pokrywk\u0105 i gotowa\u0107 20 minut. Doprawi\u0107 sol\u0105<br \/>\ni pieprzem do smaku, wsypa\u0107 koperek i jeszcze chwil\u0119 gotowa\u0107. <\/p>\n","protected":false},"excerpt":{"rendered":"<p>50 dag kartofli, 1 marchew, 1 pietruszka, 1 por, 1 cebula, ? selera, 10 dag w\u0119dzonego boczku, 1 \u0142y\u017cka pokrojonego kopru, s\u00f3l, pieprz, 11\/2 l wody Warzywa obra\u0107, umy\u0107 i pokroi\u0107. Kartofle obra\u0107 i te\u017c pokroi\u0107 w kostk\u0119. Pokrojony boczek podsma\u017cy\u0107 na patelni. Do garnka w\u0142o\u017cy\u0107 warzywa i kartofle. Doda\u0107 podsma\u017cony boczek wraz z t\u0142uszczem [&hellip;]<\/p>\n","protected":false},"author":2,"featured_media":0,"comment_status":"open","ping_status":"open","sticky":false,"template":"","format":"standard","meta":{"footnotes":""},"categories":[1],"tags":[],"_links":{"self":[{"href":"https:\/\/blog.polityka.pl\/adamczewski\/wp-json\/wp\/v2\/posts\/9320"}],"collection":[{"href":"https:\/\/blog.polityka.pl\/adamczewski\/wp-json\/wp\/v2\/posts"}],"about":[{"href":"https:\/\/blog.polityka.pl\/adamczewski\/wp-json\/wp\/v2\/types\/post"}],"author":[{"embeddable":true,"href":"https:\/\/blog.polityka.pl\/adamczewski\/wp-json\/wp\/v2\/users\/2"}],"replies":[{"embeddable":true,"href":"https:\/\/blog.polityka.pl\/adamczewski\/wp-json\/wp\/v2\/comments?post=9320"}],"version-history":[{"count":0,"href":"https:\/\/blog.polityka.pl\/adamczewski\/wp-json\/wp\/v2\/posts\/9320\/revisions"}],"wp:attachment":[{"href":"https:\/\/blog.polityka.pl\/adamczewski\/wp-json\/wp\/v2\/media?parent=9320"}],"wp:term":[{"taxonomy":"category","embeddable":true,"href":"https:\/\/blog.polityka.pl\/adamczewski\/wp-json\/wp\/v2\/categories?post=9320"},{"taxonomy":"post_tag","embeddable":true,"href":"https:\/\/blog.polityka.pl\/adamczewski\/wp-json\/wp\/v2\/tags?post=9320"}],"curies":[{"name":"wp","href":"https:\/\/api.w.org\/{rel}","templated":true}]}}