
{"id":9325,"date":"2008-01-11T15:58:00","date_gmt":"2008-01-11T15:58:00","guid":{"rendered":"http:\/\/adamczewscy.pl\/?p=1360"},"modified":"2008-01-11T15:58:00","modified_gmt":"2008-01-11T15:58:00","slug":"placki-kartoflane-z-serem","status":"publish","type":"post","link":"https:\/\/blog.polityka.pl\/adamczewski\/2008\/01\/11\/placki-kartoflane-z-serem\/","title":{"rendered":"Placki kartoflane z serem"},"content":{"rendered":"<p>2 kg kartofli, ? kg w\u0119dzonego boczku, 20 dag \u017c\u00f3\u0142tego sera np. gruyer, 1\/2 szklanki m\u0105ki, 2 cebule, 3 z\u0105bki czosnku, \u015bwie\u017co zmielony pieprz, s\u00f3l, mielona ostra papryka, olej<\/p>\n<p>Kartofle obra\u0107 i zetrze\u0107 na tarce. Boczek i cebul\u0119, pokrojone w kostk\u0119, podsma\u017cy\u0107 i doda\u0107 do kartofli. Dosypa\u0107 m\u0105k\u0119, starty ser, wyci\u015bni\u0119ty czosnek, pieprz, papryk\u0119 i s\u00f3l. Wszystko dok\u0142adnie wyrobi\u0107 jak ciasto. Silnie rozgrza\u0107 na patelni olej i \u0142y\u017ck\u0105 nak\u0142ada\u0107 mas\u0119 kartoflan\u0105. Rozp\u0142aszczy\u0107 dok\u0142adnie i sma\u017cy\u0107 na br\u0105zowo z obu stron. Obraca\u0107, gdy \u0142atwo odstaj\u0105 od dna patelni.<\/p>\n","protected":false},"excerpt":{"rendered":"<p>2 kg kartofli, ? kg w\u0119dzonego boczku, 20 dag \u017c\u00f3\u0142tego sera np. gruyer, 1\/2 szklanki m\u0105ki, 2 cebule, 3 z\u0105bki czosnku, \u015bwie\u017co zmielony pieprz, s\u00f3l, mielona ostra papryka, olej Kartofle obra\u0107 i zetrze\u0107 na tarce. Boczek i cebul\u0119, pokrojone w kostk\u0119, podsma\u017cy\u0107 i doda\u0107 do kartofli. Dosypa\u0107 m\u0105k\u0119, starty ser, wyci\u015bni\u0119ty czosnek, pieprz, papryk\u0119 i [&hellip;]<\/p>\n","protected":false},"author":2,"featured_media":0,"comment_status":"open","ping_status":"open","sticky":false,"template":"","format":"standard","meta":{"footnotes":""},"categories":[1],"tags":[],"_links":{"self":[{"href":"https:\/\/blog.polityka.pl\/adamczewski\/wp-json\/wp\/v2\/posts\/9325"}],"collection":[{"href":"https:\/\/blog.polityka.pl\/adamczewski\/wp-json\/wp\/v2\/posts"}],"about":[{"href":"https:\/\/blog.polityka.pl\/adamczewski\/wp-json\/wp\/v2\/types\/post"}],"author":[{"embeddable":true,"href":"https:\/\/blog.polityka.pl\/adamczewski\/wp-json\/wp\/v2\/users\/2"}],"replies":[{"embeddable":true,"href":"https:\/\/blog.polityka.pl\/adamczewski\/wp-json\/wp\/v2\/comments?post=9325"}],"version-history":[{"count":0,"href":"https:\/\/blog.polityka.pl\/adamczewski\/wp-json\/wp\/v2\/posts\/9325\/revisions"}],"wp:attachment":[{"href":"https:\/\/blog.polityka.pl\/adamczewski\/wp-json\/wp\/v2\/media?parent=9325"}],"wp:term":[{"taxonomy":"category","embeddable":true,"href":"https:\/\/blog.polityka.pl\/adamczewski\/wp-json\/wp\/v2\/categories?post=9325"},{"taxonomy":"post_tag","embeddable":true,"href":"https:\/\/blog.polityka.pl\/adamczewski\/wp-json\/wp\/v2\/tags?post=9325"}],"curies":[{"name":"wp","href":"https:\/\/api.w.org\/{rel}","templated":true}]}}