
{"id":9326,"date":"2008-01-11T15:58:00","date_gmt":"2008-01-11T15:58:00","guid":{"rendered":"http:\/\/adamczewscy.pl\/?p=1361"},"modified":"2008-01-11T15:58:00","modified_gmt":"2008-01-11T15:58:00","slug":"placki-kartoflane","status":"publish","type":"post","link":"https:\/\/blog.polityka.pl\/adamczewski\/2008\/01\/11\/placki-kartoflane\/","title":{"rendered":"Placki kartoflane"},"content":{"rendered":"<p>50 dag kartofli, 1 jajo, 1 \u0142y\u017cka m\u0105ki, 1 cebula, 4 \u0142y\u017cki mleka, pieprz, s\u00f3l, smalec do sma\u017cenia<\/p>\n<p>Umyte i obrane kartofle zetrze\u0107 na tarce, os\u0105czy\u0107 i wycisn\u0105\u0107 przez p\u0142\u00f3tno lub gaz\u0119. Do pozosta\u0142ej masy doda\u0107 jajko, m\u0105k\u0119, utart\u0105 cebul\u0119 i mleko oraz uzyskany z soku kartoflanego krochmal. Posoli\u0107, popieprzy\u0107 i dobrze wymiesza\u0107. Rozgrza\u0107 na patelni smalec i k\u0142a\u015b\u0107 mas\u0119 kartoflan\u0105 \u0142y\u017ck\u0105, dok\u0142adnie j\u0105 rozp\u0142aszczaj\u0105c. Sma\u017cy\u0107 na chrupko z obu stron.<\/p>\n","protected":false},"excerpt":{"rendered":"<p>50 dag kartofli, 1 jajo, 1 \u0142y\u017cka m\u0105ki, 1 cebula, 4 \u0142y\u017cki mleka, pieprz, s\u00f3l, smalec do sma\u017cenia Umyte i obrane kartofle zetrze\u0107 na tarce, os\u0105czy\u0107 i wycisn\u0105\u0107 przez p\u0142\u00f3tno lub gaz\u0119. Do pozosta\u0142ej masy doda\u0107 jajko, m\u0105k\u0119, utart\u0105 cebul\u0119 i mleko oraz uzyskany z soku kartoflanego krochmal. Posoli\u0107, popieprzy\u0107 i dobrze wymiesza\u0107. Rozgrza\u0107 na [&hellip;]<\/p>\n","protected":false},"author":2,"featured_media":0,"comment_status":"open","ping_status":"open","sticky":false,"template":"","format":"standard","meta":{"footnotes":""},"categories":[1],"tags":[],"_links":{"self":[{"href":"https:\/\/blog.polityka.pl\/adamczewski\/wp-json\/wp\/v2\/posts\/9326"}],"collection":[{"href":"https:\/\/blog.polityka.pl\/adamczewski\/wp-json\/wp\/v2\/posts"}],"about":[{"href":"https:\/\/blog.polityka.pl\/adamczewski\/wp-json\/wp\/v2\/types\/post"}],"author":[{"embeddable":true,"href":"https:\/\/blog.polityka.pl\/adamczewski\/wp-json\/wp\/v2\/users\/2"}],"replies":[{"embeddable":true,"href":"https:\/\/blog.polityka.pl\/adamczewski\/wp-json\/wp\/v2\/comments?post=9326"}],"version-history":[{"count":0,"href":"https:\/\/blog.polityka.pl\/adamczewski\/wp-json\/wp\/v2\/posts\/9326\/revisions"}],"wp:attachment":[{"href":"https:\/\/blog.polityka.pl\/adamczewski\/wp-json\/wp\/v2\/media?parent=9326"}],"wp:term":[{"taxonomy":"category","embeddable":true,"href":"https:\/\/blog.polityka.pl\/adamczewski\/wp-json\/wp\/v2\/categories?post=9326"},{"taxonomy":"post_tag","embeddable":true,"href":"https:\/\/blog.polityka.pl\/adamczewski\/wp-json\/wp\/v2\/tags?post=9326"}],"curies":[{"name":"wp","href":"https:\/\/api.w.org\/{rel}","templated":true}]}}