
{"id":933,"date":"2009-05-29T08:00:43","date_gmt":"2009-05-29T06:00:43","guid":{"rendered":"http:\/\/adamczewski.blog.polityka.pl\/?p=933"},"modified":"2009-05-29T08:27:36","modified_gmt":"2009-05-29T06:27:36","slug":"wyznanie-uczucdo-miasta-nad-narwia","status":"publish","type":"post","link":"https:\/\/blog.polityka.pl\/adamczewski\/2009\/05\/29\/wyznanie-uczucdo-miasta-nad-narwia\/","title":{"rendered":"Wyznanie uczu\u0107 do&#8230; miasta nad Narwi\u0105"},"content":{"rendered":"<p><a href=\"\/wp-content\/uploads\/2009\/05\/pultusk-wiezap51600151.jpg\"><\/a><a href=\"\/wp-content\/uploads\/2009\/05\/pultusk-wiezap51600154.jpg\"><\/a><a href=\"\/wp-content\/uploads\/2009\/05\/pultusk-rynekp51600121.jpg\"><img loading=\"lazy\" decoding=\"async\" class=\"aligncenter size-full wp-image-935\" title=\"pultusk-rynekp51600121\" src=\"\/wp-content\/uploads\/2009\/05\/pultusk-rynekp51600121.jpg\" alt=\"\" width=\"450\" height=\"338\" srcset=\"\/adamczewski\/wp-content\/uploads\/2009\/05\/pultusk-rynekp51600121.jpg 450w, \/adamczewski\/wp-content\/uploads\/2009\/05\/pultusk-rynekp51600121-300x225.jpg 300w\" sizes=\"(max-width: 450px) 100vw, 450px\" \/><\/a><\/p>\n<p><em>Rynek &#8211; widok na Zamek, dawn\u0105 siedzib\u0119 biskupa p\u0142ockiego<\/em><\/p>\n<p>Mieszkamy pod tym miasteczkiem ju\u017c 35 lat. Robimy tu wi\u0119kszo\u015b\u0107 zakup\u00f3w. Zaprzyja\u017anili\u015bmy si\u0119 wi\u0119c z w\u0142a\u015bcicielkami warzywniak\u00f3w na Rynku, sklepu rybnego tu\u017c przy g\u0142\u00f3wnej ulicy, wspaniale zaopatrzonego sklepu z gospodarstwem domowym\u00a0 Garus i oczywi\u015bcie ksi\u0119garni.<\/p>\n<p><img loading=\"lazy\" decoding=\"async\" class=\"aligncenter size-full wp-image-934\" title=\"pultusk-warzywa-p5160008\" src=\"\/wp-content\/uploads\/2009\/05\/pultusk-warzywa-p5160008.jpg\" alt=\"\" width=\"450\" height=\"338\" srcset=\"\/adamczewski\/wp-content\/uploads\/2009\/05\/pultusk-warzywa-p5160008.jpg 450w, \/adamczewski\/wp-content\/uploads\/2009\/05\/pultusk-warzywa-p5160008-300x225.jpg 300w\" sizes=\"(max-width: 450px) 100vw, 450px\" \/><\/p>\n<p><em>Tu kupujemy warzywa i owoce<\/em><\/p>\n<p>\u00a0<\/p>\n<p>Znamy wi\u0119kszo\u015b\u0107 pi\u0119knych zak\u0105tk\u00f3w. A tak\u017ce wielu mieszka\u0144c\u00f3w. S\u0105 r\u00f3wnie mili i nam przychylni jak i ca\u0142e miasto. Pu\u0142tusk\u00a0&#8211; bo o tym mie\u015bcie nad Narwi\u0105 mowa\u00a0&#8211; rozkwit\u0142 na naszych oczach. Ten rozw\u00f3j prze\u017cywali\u015bmy tak samo jak rodowici pu\u0142tuszczanie mieszkaj\u0105cy tu przez ca\u0142y rok a nie jak my\u00a0&#8211; od wiosny do zimy.<\/p>\n<p><img loading=\"lazy\" decoding=\"async\" class=\"aligncenter size-full wp-image-941\" title=\"pultusk-kwiatp51600041\" src=\"\/wp-content\/uploads\/2009\/05\/pultusk-kwiatp51600041.jpg\" alt=\"\" width=\"360\" height=\"480\" srcset=\"\/adamczewski\/wp-content\/uploads\/2009\/05\/pultusk-kwiatp51600041.jpg 360w, \/adamczewski\/wp-content\/uploads\/2009\/05\/pultusk-kwiatp51600041-225x300.jpg 225w\" sizes=\"(max-width: 360px) 100vw, 360px\" \/><\/p>\n<p><em>O tej porze roku Rynek kwitnie<\/em><\/p>\n<p>Co chwil\u0119 jednak miasto wprawia nas w zdumienie. Odkrywamy urocze zak\u0105tki albo miejsca gdzie mo\u017cna kupi\u0107 lub zje\u015b\u0107 co\u015b smacznego.<\/p>\n<p>Takich zakochanych w Pu\u0142tusku jest wi\u0119cej. Dziennikarka i poetka Gra\u017cyna Maria Dzier\u017canowska da\u0142a swoim uczuciom wyraz na pi\u015bmie. Napisa\u0142a i wyda\u0142a przewodnik po mie\u015bcie &#8222;\u015aladami niebieskich mundurk\u00f3w&#8221;. Pu\u0142tusk bowiem by\u0142 g\u0142\u00f3wnym bohaterem ksi\u0105\u017cki Wiktora Gomulickiego &#8222;Wspomnienia niebieskiego mundurka&#8221;. Przewodnik opiera si\u0119 w\u0142a\u015bnie na tej uroczej ksi\u0105\u017cce.<\/p>\n<p>Oto jego fragment:<br \/>\n&#8222;Nie ma ju\u017c w Pu\u0142tusku niebieskich mundurk\u00f3w. Odeszli jak ich profesorowie drog\u0105, kt\u00f3r\u0105 i my p\u00f3jdziemy. Pozosta\u0142 Pu\u0142tusk, w nim &#8222;zamek stary&#8221;, szko\u0142a, kt\u00f3r\u0105 uwieczni\u0142 Wiktor Gomulicki, Rynek, kt\u00f3rym przechadzaj\u0105 si\u0119 ci, kt\u00f3rym nieobca jest powie\u015b\u0107 &#8222;Wspomnienia niebieskiego mundurka&#8221;. Nadal na cmentarzu \u015awi\u0119tokrzyskim kwitn\u0105 fio\u0142ki, ci\u0105gle na &#8222;b\u0142\u0119kitn\u0105 Narwi\u0105&#8221; niebie\u015bciej\u0105 niezapominajki. Nadal pu\u0142tuszczanie \u0142owi\u0105 ryby pod mostem Benedykty\u0144skim, nadal uczniowie po kryjomu pal\u0105 papierosy. Nadal m\u0142odzi i starsi chodz\u0105 nad Narew, by tam \u0142owi\u0107 ryby, p\u0142ywa\u0107 i kontemplowa\u0107 urod\u0119 przyrody. Ci\u0105gle szumi\u0105 prastare zanarwia\u0144skie bory. Jak zawsze g\u0142os dzwonu towarzyszy pu\u0142tuszczanom od urodzenia po kres \u017cycia&#8230;<\/p>\n<p><img loading=\"lazy\" decoding=\"async\" class=\"aligncenter size-full wp-image-942\" title=\"pultusk-wiezap51600155\" src=\"\/wp-content\/uploads\/2009\/05\/pultusk-wiezap51600155.jpg\" alt=\"\" width=\"360\" height=\"480\" srcset=\"\/adamczewski\/wp-content\/uploads\/2009\/05\/pultusk-wiezap51600155.jpg 360w, \/adamczewski\/wp-content\/uploads\/2009\/05\/pultusk-wiezap51600155-225x300.jpg 225w\" sizes=\"(max-width: 360px) 100vw, 360px\" \/><\/p>\n<p><em>Zabytkowa wie\u017ca &#8211; tu mie\u015bci si\u0119 Muzeum<\/em><\/p>\n<p>Turysto, przyby\u0142e\u015b tu, by si\u0119 naocznie o wszystkim przekona\u0107.<br \/>\n*\u00a0Pu\u0142tusk &#8211; nazwa miasta pochodzi od rzeki Pe\u0142ty, p\u0142yn\u0105cej niedaleko, st\u0105d w \u017ar\u00f3d\u0142ach historycznych nazwy, np. Peltowsk i Pultowsk. Legenda m\u00f3wi o mie\u015bcie Tusk, kt\u00f3re ulega\u0142o cz\u0119stym po\u017carom i powodziom, podczas kt\u00f3rych cz\u0119\u015b\u0107 miasta spali\u0142a si\u0119 lub zosta\u0142a zalana wodami. Z Tuska zosta\u0142a po\u0142owa, czyli p\u00f3\u0142 Tuska, st\u0105d Pu\u0142tusk. Tu &#8222;Sarbiewski swe pierwsze rymy sk\u0142ada\u0142, a Skarga i Wujek z kazalnicy przemawiali&#8221;.<br \/>\n*\u00a0Ko\u015bci\u00f3\u0142 benedykty\u0144ski &#8211; (\u015bw. Piotra i Paw\u0142a, pojezuicki, pobenedykty\u0144ski) z XVIIw. &#8211; mieszcz\u0105cy si\u0119 przy ul. Piotra Skargi.<br \/>\n*\u00a0W\u0105ska uliczka &#8211; ulica Kotlarska w XIX w. ulica Waliszewo, w dzielnicy \u017cydowskiej.<br \/>\n*\u00a0Sygnaturka u Reformat\u00f3w &#8211; ko\u015bci\u00f3\u0142 \u015bw. J\u00f3zefa przy ul. Daszy\u0144skiego z XVII w.<br \/>\n*\u00a0Klasztor &#8211; w r. 1864 rz\u0105d carski zlikwidowa\u0142 w Kr\u00f3lestwie Polskim klasztory benedykty\u0144skie. Ostatnim zamkni\u0119tym by\u0142 klasztor w Pu\u0142tusku.<br \/>\n*\u00a0Cmentarz \u015awi\u0119tego Krzy\u017ca &#8211; przy ul. Tadeusza Ko\u015bciuszki (cmentarz rzymskokatolicki) z licznymi okaza\u0142ymi grobowcami z XIX w., gdzie sen wieczny znale\u017ali znamienici pu\u0142tuszczanie.<br \/>\n*\u00a0Zamek &#8211; dawniej siedziba biskup\u00f3w p\u0142ockich, z XIV w., wielokrotnie przebudowywany, obecnie Dom Polonii.<br \/>\n*\u00a0Gmach szkolny &#8211; (ul. Piotra Skargi)obecnie LO im. Piotra Skargi, od 1565r. kolegium jezuickie, w kt\u00f3rym nauczali m. in. Jakub Wujek, Piotr Paw\u0119ski(Skarga), Andrzej Bobola.<br \/>\n*\u00a0Narew &#8211; rzeka wyp\u0142ywaj\u0105ca z teren\u00f3w bagiennych Puszczy Bia\u0142owieskiej; licz\u0105ca 475,8 km d\u0142ugo\u015bci.<br \/>\n*\u00a0Rynek &#8211; zesp\u00f3\u0142 urbanistyczny o wymiarach 40na 600m, zamkni\u0119ty z jednej strony kolegiat\u0105 (XV w.), z drugiej zamkiem; na \u015brodku Rynku Wie\u017ca Ratuszowa z XVI w. (Muzeum Historyczne).&#8221;<\/p>\n<p>I tyle cytatu. Poniewa\u017c czuj\u0119 si\u0119 pu\u0142tuszczaninem honoris causa\u00a0&#8211; zapraszam do NASZEGO miasteczka!<\/p>\n","protected":false},"excerpt":{"rendered":"<p>Rynek &#8211; widok na Zamek, dawn\u0105 siedzib\u0119 biskupa p\u0142ockiego Mieszkamy pod tym miasteczkiem ju\u017c 35 lat. Robimy tu wi\u0119kszo\u015b\u0107 zakup\u00f3w. Zaprzyja\u017anili\u015bmy si\u0119 wi\u0119c z w\u0142a\u015bcicielkami warzywniak\u00f3w na Rynku, sklepu rybnego tu\u017c przy g\u0142\u00f3wnej ulicy, wspaniale zaopatrzonego sklepu z gospodarstwem domowym\u00a0 Garus i oczywi\u015bcie ksi\u0119garni. Tu kupujemy warzywa i owoce \u00a0 Znamy wi\u0119kszo\u015b\u0107 pi\u0119knych zak\u0105tk\u00f3w. A [&hellip;]<\/p>\n","protected":false},"author":2,"featured_media":0,"comment_status":"open","ping_status":"open","sticky":false,"template":"","format":"standard","meta":{"footnotes":""},"categories":[1],"tags":[],"_links":{"self":[{"href":"https:\/\/blog.polityka.pl\/adamczewski\/wp-json\/wp\/v2\/posts\/933"}],"collection":[{"href":"https:\/\/blog.polityka.pl\/adamczewski\/wp-json\/wp\/v2\/posts"}],"about":[{"href":"https:\/\/blog.polityka.pl\/adamczewski\/wp-json\/wp\/v2\/types\/post"}],"author":[{"embeddable":true,"href":"https:\/\/blog.polityka.pl\/adamczewski\/wp-json\/wp\/v2\/users\/2"}],"replies":[{"embeddable":true,"href":"https:\/\/blog.polityka.pl\/adamczewski\/wp-json\/wp\/v2\/comments?post=933"}],"version-history":[{"count":0,"href":"https:\/\/blog.polityka.pl\/adamczewski\/wp-json\/wp\/v2\/posts\/933\/revisions"}],"wp:attachment":[{"href":"https:\/\/blog.polityka.pl\/adamczewski\/wp-json\/wp\/v2\/media?parent=933"}],"wp:term":[{"taxonomy":"category","embeddable":true,"href":"https:\/\/blog.polityka.pl\/adamczewski\/wp-json\/wp\/v2\/categories?post=933"},{"taxonomy":"post_tag","embeddable":true,"href":"https:\/\/blog.polityka.pl\/adamczewski\/wp-json\/wp\/v2\/tags?post=933"}],"curies":[{"name":"wp","href":"https:\/\/api.w.org\/{rel}","templated":true}]}}