
{"id":9338,"date":"2008-01-11T15:58:00","date_gmt":"2008-01-11T15:58:00","guid":{"rendered":"http:\/\/adamczewscy.pl\/?p=1373"},"modified":"2008-01-11T15:58:00","modified_gmt":"2008-01-11T15:58:00","slug":"cytryny-w-soli","status":"publish","type":"post","link":"https:\/\/blog.polityka.pl\/adamczewski\/2008\/01\/11\/cytryny-w-soli\/","title":{"rendered":"Cytryny w soli"},"content":{"rendered":"<p>20 cytryn, gruba s\u00f3l, li\u015bcie laurowe, 11\/2 l niegazowanej wody mineralnej<\/p>\n<p>Cytryny umy\u0107 i wysuszy\u0107 na papierowym r\u0119czniku. Ka\u017cd\u0105 naci\u0105\u0107 g\u0142\u0119boko na krzy\u017c, do rozchylonego wn\u0119trza wsypa\u0107 po \u0142y\u017ceczce soli. Ustawi\u0107 naci\u0119ciami do do\u0142u w salaterce i trzyma\u0107 tam przez noc. Prze\u0142o\u017cy\u0107 do s\u0142oja, zala\u0107 osolonym wrz\u0105tkiem, szczelnie zakr\u0119ci\u0107. Przez dwa tygodnie trzyma\u0107 w ch\u0142odnym miejscu.<\/p>\n","protected":false},"excerpt":{"rendered":"<p>20 cytryn, gruba s\u00f3l, li\u015bcie laurowe, 11\/2 l niegazowanej wody mineralnej Cytryny umy\u0107 i wysuszy\u0107 na papierowym r\u0119czniku. Ka\u017cd\u0105 naci\u0105\u0107 g\u0142\u0119boko na krzy\u017c, do rozchylonego wn\u0119trza wsypa\u0107 po \u0142y\u017ceczce soli. Ustawi\u0107 naci\u0119ciami do do\u0142u w salaterce i trzyma\u0107 tam przez noc. Prze\u0142o\u017cy\u0107 do s\u0142oja, zala\u0107 osolonym wrz\u0105tkiem, szczelnie zakr\u0119ci\u0107. Przez dwa tygodnie trzyma\u0107 w ch\u0142odnym [&hellip;]<\/p>\n","protected":false},"author":2,"featured_media":0,"comment_status":"open","ping_status":"open","sticky":false,"template":"","format":"standard","meta":{"footnotes":""},"categories":[1],"tags":[],"_links":{"self":[{"href":"https:\/\/blog.polityka.pl\/adamczewski\/wp-json\/wp\/v2\/posts\/9338"}],"collection":[{"href":"https:\/\/blog.polityka.pl\/adamczewski\/wp-json\/wp\/v2\/posts"}],"about":[{"href":"https:\/\/blog.polityka.pl\/adamczewski\/wp-json\/wp\/v2\/types\/post"}],"author":[{"embeddable":true,"href":"https:\/\/blog.polityka.pl\/adamczewski\/wp-json\/wp\/v2\/users\/2"}],"replies":[{"embeddable":true,"href":"https:\/\/blog.polityka.pl\/adamczewski\/wp-json\/wp\/v2\/comments?post=9338"}],"version-history":[{"count":0,"href":"https:\/\/blog.polityka.pl\/adamczewski\/wp-json\/wp\/v2\/posts\/9338\/revisions"}],"wp:attachment":[{"href":"https:\/\/blog.polityka.pl\/adamczewski\/wp-json\/wp\/v2\/media?parent=9338"}],"wp:term":[{"taxonomy":"category","embeddable":true,"href":"https:\/\/blog.polityka.pl\/adamczewski\/wp-json\/wp\/v2\/categories?post=9338"},{"taxonomy":"post_tag","embeddable":true,"href":"https:\/\/blog.polityka.pl\/adamczewski\/wp-json\/wp\/v2\/tags?post=9338"}],"curies":[{"name":"wp","href":"https:\/\/api.w.org\/{rel}","templated":true}]}}