
{"id":9339,"date":"2008-01-11T15:58:00","date_gmt":"2008-01-11T15:58:00","guid":{"rendered":"http:\/\/adamczewscy.pl\/?p=1374"},"modified":"2008-01-11T15:58:00","modified_gmt":"2008-01-11T15:58:00","slug":"soljanka-z-miesem","status":"publish","type":"post","link":"https:\/\/blog.polityka.pl\/adamczewski\/2008\/01\/11\/soljanka-z-miesem\/","title":{"rendered":"Soljanka z mi\u0119sem"},"content":{"rendered":"<p>50 dag kark\u00f3wki lub szynki, 10 dag boczku, 10 dag kie\u0142basy, 10 dag kiszonych og\u00f3rk\u00f3w, 1 du\u017ca cebula, 1 du\u017ca czerwona papryka, 1 \u0142y\u017cka smalcu, 1 \u0142y\u017cka oleju, \u015bmietana 30%, m\u0105ka, mas\u0142o na zasma\u017ck\u0119, puszka koncentratu pomidorowego, vegeta, pieprz, czosnek, papryka s\u0142odka, s\u00f3l<\/p>\n<p>Stopi\u0107 smalec z olejem i usma\u017cy\u0107 mi\u0119so pokrojone w cienkie paseczki. Prze\u0142o\u017cy\u0107 do rondla i zala\u0107 wod\u0105, doda\u0107 veget\u0119, mielon\u0105 s\u0142odk\u0105 papryk\u0119 oraz \u0107wiartki papryki \u015bwie\u017cej, oczyszczonej z pestek. Gotowa\u0107 p\u00f3\u0142 godziny (po 15 minutach sprawdzi\u0107, czy z papryki \u0142atwo schodzi sk\u00f3rka). Obra\u0107<br \/>\ni pokroi\u0107 na paseczki. Na t\u0142uszczu od sma\u017cenia mi\u0119sa podsma\u017cy\u0107 boczek<br \/>\ni kie\u0142bas\u0119 pokrojone w cienkie paseczki. Prze\u0142o\u017cy\u0107 do wywaru z mi\u0119sem. Na patelni podsma\u017cy\u0107 posiekan\u0105 cebul\u0119 i kiszone og\u00f3rki pokrojone w paski. Wrzuci\u0107 do zupy, doprawi\u0107 do smaku i  zag\u0119\u015bci\u0107 zasma\u017ck\u0105 z m\u0105ki i mas\u0142a. Na koniec zabieli\u0107 \u015bmietan\u0105. <\/p>\n","protected":false},"excerpt":{"rendered":"<p>50 dag kark\u00f3wki lub szynki, 10 dag boczku, 10 dag kie\u0142basy, 10 dag kiszonych og\u00f3rk\u00f3w, 1 du\u017ca cebula, 1 du\u017ca czerwona papryka, 1 \u0142y\u017cka smalcu, 1 \u0142y\u017cka oleju, \u015bmietana 30%, m\u0105ka, mas\u0142o na zasma\u017ck\u0119, puszka koncentratu pomidorowego, vegeta, pieprz, czosnek, papryka s\u0142odka, s\u00f3l Stopi\u0107 smalec z olejem i usma\u017cy\u0107 mi\u0119so pokrojone w cienkie paseczki. Prze\u0142o\u017cy\u0107 [&hellip;]<\/p>\n","protected":false},"author":2,"featured_media":0,"comment_status":"open","ping_status":"open","sticky":false,"template":"","format":"standard","meta":{"footnotes":""},"categories":[1],"tags":[],"_links":{"self":[{"href":"https:\/\/blog.polityka.pl\/adamczewski\/wp-json\/wp\/v2\/posts\/9339"}],"collection":[{"href":"https:\/\/blog.polityka.pl\/adamczewski\/wp-json\/wp\/v2\/posts"}],"about":[{"href":"https:\/\/blog.polityka.pl\/adamczewski\/wp-json\/wp\/v2\/types\/post"}],"author":[{"embeddable":true,"href":"https:\/\/blog.polityka.pl\/adamczewski\/wp-json\/wp\/v2\/users\/2"}],"replies":[{"embeddable":true,"href":"https:\/\/blog.polityka.pl\/adamczewski\/wp-json\/wp\/v2\/comments?post=9339"}],"version-history":[{"count":0,"href":"https:\/\/blog.polityka.pl\/adamczewski\/wp-json\/wp\/v2\/posts\/9339\/revisions"}],"wp:attachment":[{"href":"https:\/\/blog.polityka.pl\/adamczewski\/wp-json\/wp\/v2\/media?parent=9339"}],"wp:term":[{"taxonomy":"category","embeddable":true,"href":"https:\/\/blog.polityka.pl\/adamczewski\/wp-json\/wp\/v2\/categories?post=9339"},{"taxonomy":"post_tag","embeddable":true,"href":"https:\/\/blog.polityka.pl\/adamczewski\/wp-json\/wp\/v2\/tags?post=9339"}],"curies":[{"name":"wp","href":"https:\/\/api.w.org\/{rel}","templated":true}]}}