
{"id":9341,"date":"2008-01-11T15:58:00","date_gmt":"2008-01-11T15:58:00","guid":{"rendered":"http:\/\/adamczewscy.pl\/?p=1376"},"modified":"2008-01-11T15:58:00","modified_gmt":"2008-01-11T15:58:00","slug":"sztuka-miesa-peklowana","status":"publish","type":"post","link":"https:\/\/blog.polityka.pl\/adamczewski\/2008\/01\/11\/sztuka-miesa-peklowana\/","title":{"rendered":"Sztuka mi\u0119sa peklowana"},"content":{"rendered":"<p>1 kg peklowanego mi\u0119sa, 1 cebula, \u015bwie\u017cy chrzan, 1 marchew, 1 pietruszka, 1 seler, 1 por, natka  pietruszki, s\u00f3l<\/p>\n<p>Mi\u0119so po peklowaniu op\u0142uka\u0107 i gotowa\u0107 2\u00963 godziny na ma\u0142ym ogniu w jarzynach i cebuli, sol\u0105c do smaku. Gdy zmi\u0119knie (pr\u00f3bowa\u0107 widelcem), wyj\u0105\u0107, pokroi\u0107 w niezbyt grube plastry i u\u0142o\u017cy\u0107 na p\u00f3\u0142misku, przybieraj\u0105c ga\u0142\u0105zkami zielonej pietruszki oraz tartym grubo chrzanem. Podawa\u0107 z gotowanymi kartofelkami.<\/p>\n","protected":false},"excerpt":{"rendered":"<p>1 kg peklowanego mi\u0119sa, 1 cebula, \u015bwie\u017cy chrzan, 1 marchew, 1 pietruszka, 1 seler, 1 por, natka pietruszki, s\u00f3l Mi\u0119so po peklowaniu op\u0142uka\u0107 i gotowa\u0107 2\u00963 godziny na ma\u0142ym ogniu w jarzynach i cebuli, sol\u0105c do smaku. Gdy zmi\u0119knie (pr\u00f3bowa\u0107 widelcem), wyj\u0105\u0107, pokroi\u0107 w niezbyt grube plastry i u\u0142o\u017cy\u0107 na p\u00f3\u0142misku, przybieraj\u0105c ga\u0142\u0105zkami zielonej pietruszki [&hellip;]<\/p>\n","protected":false},"author":2,"featured_media":0,"comment_status":"open","ping_status":"open","sticky":false,"template":"","format":"standard","meta":{"footnotes":""},"categories":[1],"tags":[],"_links":{"self":[{"href":"https:\/\/blog.polityka.pl\/adamczewski\/wp-json\/wp\/v2\/posts\/9341"}],"collection":[{"href":"https:\/\/blog.polityka.pl\/adamczewski\/wp-json\/wp\/v2\/posts"}],"about":[{"href":"https:\/\/blog.polityka.pl\/adamczewski\/wp-json\/wp\/v2\/types\/post"}],"author":[{"embeddable":true,"href":"https:\/\/blog.polityka.pl\/adamczewski\/wp-json\/wp\/v2\/users\/2"}],"replies":[{"embeddable":true,"href":"https:\/\/blog.polityka.pl\/adamczewski\/wp-json\/wp\/v2\/comments?post=9341"}],"version-history":[{"count":0,"href":"https:\/\/blog.polityka.pl\/adamczewski\/wp-json\/wp\/v2\/posts\/9341\/revisions"}],"wp:attachment":[{"href":"https:\/\/blog.polityka.pl\/adamczewski\/wp-json\/wp\/v2\/media?parent=9341"}],"wp:term":[{"taxonomy":"category","embeddable":true,"href":"https:\/\/blog.polityka.pl\/adamczewski\/wp-json\/wp\/v2\/categories?post=9341"},{"taxonomy":"post_tag","embeddable":true,"href":"https:\/\/blog.polityka.pl\/adamczewski\/wp-json\/wp\/v2\/tags?post=9341"}],"curies":[{"name":"wp","href":"https:\/\/api.w.org\/{rel}","templated":true}]}}