
{"id":9349,"date":"2008-01-11T15:58:00","date_gmt":"2008-01-11T15:58:00","guid":{"rendered":"http:\/\/adamczewscy.pl\/?p=1385"},"modified":"2008-01-11T15:58:00","modified_gmt":"2008-01-11T15:58:00","slug":"bulka-zwykla","status":"publish","type":"post","link":"https:\/\/blog.polityka.pl\/adamczewski\/2008\/01\/11\/bulka-zwykla\/","title":{"rendered":"Bu\u0142ka zwyk\u0142a"},"content":{"rendered":"<p>1 kg m\u0105ki pszennej, 5 dag dro\u017cd\u017cy, 1 \u0142y\u017cka cukru, 3 \u0142y\u017cki oleju, 1 szklanka mleka, ok. 1 szklanki wody, 1 \u0142y\u017cka grubej soli<br \/>\ndo posypania: mak<br \/>\ndo przygotowania blaszek: mas\u0142o, 1 \u0142y\u017cka m\u0105ki<\/p>\n<p>Dro\u017cd\u017ce rozetrze\u0107 z ciep\u0142ym mlekiem, cukrem i \u0142y\u017ck\u0105 m\u0105ki. Odstawi\u0107 do wyro\u015bni\u0119cia. Nast\u0119pnie doda\u0107 s\u00f3l, m\u0105k\u0119, olej i \u0096 w miar\u0119 potrzeby \u0096 wod\u0119. Wyrobi\u0107 g\u0142adkie ciasto i odstawi\u0107 je do wyro\u015bni\u0119cia. W\u0142o\u017cy\u0107 do wysmarowanych mas\u0142em foremek, mniej wi\u0119cej do po\u0142owy wysoko\u015bci. Odstawi\u0107, a kiedy troch\u0119 wyrosn\u0105, wstawi\u0107 do piekarnika i piec, a\u017c wierzch si\u0119 zrumieni.<\/p>\n","protected":false},"excerpt":{"rendered":"<p>1 kg m\u0105ki pszennej, 5 dag dro\u017cd\u017cy, 1 \u0142y\u017cka cukru, 3 \u0142y\u017cki oleju, 1 szklanka mleka, ok. 1 szklanki wody, 1 \u0142y\u017cka grubej soli do posypania: mak do przygotowania blaszek: mas\u0142o, 1 \u0142y\u017cka m\u0105ki Dro\u017cd\u017ce rozetrze\u0107 z ciep\u0142ym mlekiem, cukrem i \u0142y\u017ck\u0105 m\u0105ki. Odstawi\u0107 do wyro\u015bni\u0119cia. Nast\u0119pnie doda\u0107 s\u00f3l, m\u0105k\u0119, olej i \u0096 w miar\u0119 [&hellip;]<\/p>\n","protected":false},"author":2,"featured_media":0,"comment_status":"open","ping_status":"open","sticky":false,"template":"","format":"standard","meta":{"footnotes":""},"categories":[1],"tags":[],"_links":{"self":[{"href":"https:\/\/blog.polityka.pl\/adamczewski\/wp-json\/wp\/v2\/posts\/9349"}],"collection":[{"href":"https:\/\/blog.polityka.pl\/adamczewski\/wp-json\/wp\/v2\/posts"}],"about":[{"href":"https:\/\/blog.polityka.pl\/adamczewski\/wp-json\/wp\/v2\/types\/post"}],"author":[{"embeddable":true,"href":"https:\/\/blog.polityka.pl\/adamczewski\/wp-json\/wp\/v2\/users\/2"}],"replies":[{"embeddable":true,"href":"https:\/\/blog.polityka.pl\/adamczewski\/wp-json\/wp\/v2\/comments?post=9349"}],"version-history":[{"count":0,"href":"https:\/\/blog.polityka.pl\/adamczewski\/wp-json\/wp\/v2\/posts\/9349\/revisions"}],"wp:attachment":[{"href":"https:\/\/blog.polityka.pl\/adamczewski\/wp-json\/wp\/v2\/media?parent=9349"}],"wp:term":[{"taxonomy":"category","embeddable":true,"href":"https:\/\/blog.polityka.pl\/adamczewski\/wp-json\/wp\/v2\/categories?post=9349"},{"taxonomy":"post_tag","embeddable":true,"href":"https:\/\/blog.polityka.pl\/adamczewski\/wp-json\/wp\/v2\/tags?post=9349"}],"curies":[{"name":"wp","href":"https:\/\/api.w.org\/{rel}","templated":true}]}}