
{"id":9371,"date":"2008-01-11T15:58:00","date_gmt":"2008-01-11T15:58:00","guid":{"rendered":"http:\/\/adamczewscy.pl\/?p=1409"},"modified":"2008-01-11T15:58:00","modified_gmt":"2008-01-11T15:58:00","slug":"faszerowane-baklazany","status":"publish","type":"post","link":"https:\/\/blog.polityka.pl\/adamczewski\/2008\/01\/11\/faszerowane-baklazany\/","title":{"rendered":"Faszerowane bak\u0142a\u017cany"},"content":{"rendered":"<p>2 bak\u0142a\u017cany (\u015brednie), 1 pomidor (du\u017cy), 1 papryka,<br \/>\n1 cebula, 1 \u0142y\u017ceczka kapar\u00f3w, 5 zielonych oliwek, 1 jajko, oliwa z oliwek, bu\u0142ka tarta, s\u00f3l, \u015bwie\u017co zmielony pieprz<\/p>\n<p>Przekroi\u0107 bak\u0142a\u017cany wzd\u0142u\u017c na p\u00f3\u0142. Wyj\u0105\u0107 \u0142y\u017ceczk\u0105 mi\u0105\u017csz, zostawiaj\u0105c jego cienk\u0105 warstw\u0119 przylegaj\u0105c\u0105 do sk\u00f3rki. Wydr\u0105\u017cone po\u0142\u00f3wki posoli\u0107 i odstawi\u0107, mi\u0105\u017csz posieka\u0107 drobno. Cebul\u0119 obra\u0107 i posieka\u0107, pokroi\u0107 drobno tak\u017ce papryk\u0119 i pomidora. Udusi\u0107 wszystko na dw\u00f3ch \u0142y\u017ckach oliwy. Doda\u0107 mi\u0105\u017csz bak\u0142a\u017cana, kapary, pokrojone oliwki. Posoli\u0107 i doprawi\u0107 pieprzem do smaku. Lekko przestudzi\u0107 i wbi\u0107 jajko. Farsz dobrze wymiesza\u0107 i nape\u0142ni\u0107 nim osuszone puste po\u0142\u00f3wki bak\u0142a\u017cana, starannie wyg\u0142adzaj\u0105c powierzchni\u0119. Posypa\u0107 z wierzchu tart\u0105 bu\u0142k\u0105. Skropi\u0107 2 \u0142y\u017ckami oliwy. Zapieka\u0107 w temperaturze 180o C przez 45 minut.<\/p>\n","protected":false},"excerpt":{"rendered":"<p>2 bak\u0142a\u017cany (\u015brednie), 1 pomidor (du\u017cy), 1 papryka, 1 cebula, 1 \u0142y\u017ceczka kapar\u00f3w, 5 zielonych oliwek, 1 jajko, oliwa z oliwek, bu\u0142ka tarta, s\u00f3l, \u015bwie\u017co zmielony pieprz Przekroi\u0107 bak\u0142a\u017cany wzd\u0142u\u017c na p\u00f3\u0142. Wyj\u0105\u0107 \u0142y\u017ceczk\u0105 mi\u0105\u017csz, zostawiaj\u0105c jego cienk\u0105 warstw\u0119 przylegaj\u0105c\u0105 do sk\u00f3rki. Wydr\u0105\u017cone po\u0142\u00f3wki posoli\u0107 i odstawi\u0107, mi\u0105\u017csz posieka\u0107 drobno. Cebul\u0119 obra\u0107 i posieka\u0107, pokroi\u0107 [&hellip;]<\/p>\n","protected":false},"author":2,"featured_media":0,"comment_status":"open","ping_status":"open","sticky":false,"template":"","format":"standard","meta":{"footnotes":""},"categories":[1],"tags":[],"_links":{"self":[{"href":"https:\/\/blog.polityka.pl\/adamczewski\/wp-json\/wp\/v2\/posts\/9371"}],"collection":[{"href":"https:\/\/blog.polityka.pl\/adamczewski\/wp-json\/wp\/v2\/posts"}],"about":[{"href":"https:\/\/blog.polityka.pl\/adamczewski\/wp-json\/wp\/v2\/types\/post"}],"author":[{"embeddable":true,"href":"https:\/\/blog.polityka.pl\/adamczewski\/wp-json\/wp\/v2\/users\/2"}],"replies":[{"embeddable":true,"href":"https:\/\/blog.polityka.pl\/adamczewski\/wp-json\/wp\/v2\/comments?post=9371"}],"version-history":[{"count":0,"href":"https:\/\/blog.polityka.pl\/adamczewski\/wp-json\/wp\/v2\/posts\/9371\/revisions"}],"wp:attachment":[{"href":"https:\/\/blog.polityka.pl\/adamczewski\/wp-json\/wp\/v2\/media?parent=9371"}],"wp:term":[{"taxonomy":"category","embeddable":true,"href":"https:\/\/blog.polityka.pl\/adamczewski\/wp-json\/wp\/v2\/categories?post=9371"},{"taxonomy":"post_tag","embeddable":true,"href":"https:\/\/blog.polityka.pl\/adamczewski\/wp-json\/wp\/v2\/tags?post=9371"}],"curies":[{"name":"wp","href":"https:\/\/api.w.org\/{rel}","templated":true}]}}