
{"id":9372,"date":"2008-01-11T15:58:00","date_gmt":"2008-01-11T15:58:00","guid":{"rendered":"http:\/\/adamczewscy.pl\/?p=1410"},"modified":"2008-01-11T15:58:00","modified_gmt":"2008-01-11T15:58:00","slug":"faszerowana-papryka","status":"publish","type":"post","link":"https:\/\/blog.polityka.pl\/adamczewski\/2008\/01\/11\/faszerowana-papryka\/","title":{"rendered":"Faszerowana papryka"},"content":{"rendered":"<p>6 sporych czerwonych papryk, 2 \u0142y\u017cki mas\u0142a<br \/>\nna farsz: 1 bak\u0142a\u017can (niedu\u017cy), 2 cukinie, 2 dymki, 4 filety anchois, 2 \u0142y\u017cki kapar\u00f3w, 2 jajka, 3 \u0142y\u017cki oliwy z oliwek, s\u00f3l<\/p>\n<p>Najpierw przyrz\u0105dzi\u0107 farsz: rozgrza\u0107 na patelni oliw\u0119, wrzuci\u0107 drobno posiekan\u0105 dymk\u0119 i sma\u017cy\u0107 10 minut, ale nie rumieni\u0107. Doda\u0107 pokrojon\u0105 w kostk\u0119 cukini\u0119 i sma\u017cy\u0107 kolejne 5 minut. Teraz doda\u0107 r\u00f3wnie\u017c pokrojonego w kostk\u0119 bak\u0142a\u017cana. Wszystko sma\u017cy\u0107 mieszaj\u0105c jeszcze kwadrans. Gdy warzywa s\u0105 usma\u017cone, posieka\u0107 filety anchois, ods\u0105czy\u0107 z zalewy kapary i wbi\u0107 jajka. Posoli\u0107 do smaku. Z papryk usun\u0105\u0107 gniazda nasienne i ka\u017cd\u0105 nape\u0142ni\u0107 farszem a\u017c po brzegi. U\u0142o\u017cy\u0107 w naczyniu \u017caroodpornym, pola\u0107 stopionym mas\u0142em i zapieka\u0107 przez 30 minut w 160o C. <\/p>\n","protected":false},"excerpt":{"rendered":"<p>6 sporych czerwonych papryk, 2 \u0142y\u017cki mas\u0142a na farsz: 1 bak\u0142a\u017can (niedu\u017cy), 2 cukinie, 2 dymki, 4 filety anchois, 2 \u0142y\u017cki kapar\u00f3w, 2 jajka, 3 \u0142y\u017cki oliwy z oliwek, s\u00f3l Najpierw przyrz\u0105dzi\u0107 farsz: rozgrza\u0107 na patelni oliw\u0119, wrzuci\u0107 drobno posiekan\u0105 dymk\u0119 i sma\u017cy\u0107 10 minut, ale nie rumieni\u0107. Doda\u0107 pokrojon\u0105 w kostk\u0119 cukini\u0119 i sma\u017cy\u0107 [&hellip;]<\/p>\n","protected":false},"author":2,"featured_media":0,"comment_status":"open","ping_status":"open","sticky":false,"template":"","format":"standard","meta":{"footnotes":""},"categories":[1],"tags":[],"_links":{"self":[{"href":"https:\/\/blog.polityka.pl\/adamczewski\/wp-json\/wp\/v2\/posts\/9372"}],"collection":[{"href":"https:\/\/blog.polityka.pl\/adamczewski\/wp-json\/wp\/v2\/posts"}],"about":[{"href":"https:\/\/blog.polityka.pl\/adamczewski\/wp-json\/wp\/v2\/types\/post"}],"author":[{"embeddable":true,"href":"https:\/\/blog.polityka.pl\/adamczewski\/wp-json\/wp\/v2\/users\/2"}],"replies":[{"embeddable":true,"href":"https:\/\/blog.polityka.pl\/adamczewski\/wp-json\/wp\/v2\/comments?post=9372"}],"version-history":[{"count":0,"href":"https:\/\/blog.polityka.pl\/adamczewski\/wp-json\/wp\/v2\/posts\/9372\/revisions"}],"wp:attachment":[{"href":"https:\/\/blog.polityka.pl\/adamczewski\/wp-json\/wp\/v2\/media?parent=9372"}],"wp:term":[{"taxonomy":"category","embeddable":true,"href":"https:\/\/blog.polityka.pl\/adamczewski\/wp-json\/wp\/v2\/categories?post=9372"},{"taxonomy":"post_tag","embeddable":true,"href":"https:\/\/blog.polityka.pl\/adamczewski\/wp-json\/wp\/v2\/tags?post=9372"}],"curies":[{"name":"wp","href":"https:\/\/api.w.org\/{rel}","templated":true}]}}