
{"id":9383,"date":"2008-01-11T15:58:00","date_gmt":"2008-01-11T15:58:00","guid":{"rendered":"http:\/\/adamczewscy.pl\/?p=1422"},"modified":"2008-01-11T15:58:00","modified_gmt":"2008-01-11T15:58:00","slug":"zupa-szczawiowa-z-jajkiem","status":"publish","type":"post","link":"https:\/\/blog.polityka.pl\/adamczewski\/2008\/01\/11\/zupa-szczawiowa-z-jajkiem\/","title":{"rendered":"Zupa szczawiowa z jajkiem"},"content":{"rendered":"<p>1\/4 kg szczawiu, 1 1\/2 \u0142y\u017cki mas\u0142a, 1 \u0142y\u017ceczka soku z cytryny, 1 1\/4 l roso\u0142u z kurczaka, 125 ml g\u0119stej \u015bmietany,<br \/>\n4 jajka, s\u00f3l, cukier, \u015bwie\u017co zmielony pieprz<\/p>\n<p>Szczaw umy\u0107, os\u0105czy\u0107 i posieka\u0107. Obran\u0105 cebul\u0119 drobno pokroi\u0107. Roztopi\u0107 w rondlu mas\u0142o i zeszkli\u0107 na nim cebul\u0119. Do\u0142o\u017cy\u0107 posiekany szczaw, posoli\u0107 i dusi\u0107 pod pokrywk\u0105 5 minut. Zala\u0107 gor\u0105cym roso\u0142em i gotowa\u0107 10 minut. Ostudzi\u0107. Zmiksowa\u0107 i doprawi\u0107 sokiem cytrynowym, odrobin\u0105 cukru, \u015bwie\u017co zmielonym pieprzem do smaku. Zaci\u0105gn\u0105\u0107 \u015bmietan\u0105. Podgrza\u0107, nie doprowadzaj\u0105c do wrzenia. Podawa\u0107 z jajkami na twardo pokrojonymi w \u0107wiartki.<\/p>\n","protected":false},"excerpt":{"rendered":"<p>1\/4 kg szczawiu, 1 1\/2 \u0142y\u017cki mas\u0142a, 1 \u0142y\u017ceczka soku z cytryny, 1 1\/4 l roso\u0142u z kurczaka, 125 ml g\u0119stej \u015bmietany, 4 jajka, s\u00f3l, cukier, \u015bwie\u017co zmielony pieprz Szczaw umy\u0107, os\u0105czy\u0107 i posieka\u0107. Obran\u0105 cebul\u0119 drobno pokroi\u0107. Roztopi\u0107 w rondlu mas\u0142o i zeszkli\u0107 na nim cebul\u0119. Do\u0142o\u017cy\u0107 posiekany szczaw, posoli\u0107 i dusi\u0107 pod pokrywk\u0105 [&hellip;]<\/p>\n","protected":false},"author":2,"featured_media":0,"comment_status":"open","ping_status":"open","sticky":false,"template":"","format":"standard","meta":{"footnotes":""},"categories":[1],"tags":[],"_links":{"self":[{"href":"https:\/\/blog.polityka.pl\/adamczewski\/wp-json\/wp\/v2\/posts\/9383"}],"collection":[{"href":"https:\/\/blog.polityka.pl\/adamczewski\/wp-json\/wp\/v2\/posts"}],"about":[{"href":"https:\/\/blog.polityka.pl\/adamczewski\/wp-json\/wp\/v2\/types\/post"}],"author":[{"embeddable":true,"href":"https:\/\/blog.polityka.pl\/adamczewski\/wp-json\/wp\/v2\/users\/2"}],"replies":[{"embeddable":true,"href":"https:\/\/blog.polityka.pl\/adamczewski\/wp-json\/wp\/v2\/comments?post=9383"}],"version-history":[{"count":0,"href":"https:\/\/blog.polityka.pl\/adamczewski\/wp-json\/wp\/v2\/posts\/9383\/revisions"}],"wp:attachment":[{"href":"https:\/\/blog.polityka.pl\/adamczewski\/wp-json\/wp\/v2\/media?parent=9383"}],"wp:term":[{"taxonomy":"category","embeddable":true,"href":"https:\/\/blog.polityka.pl\/adamczewski\/wp-json\/wp\/v2\/categories?post=9383"},{"taxonomy":"post_tag","embeddable":true,"href":"https:\/\/blog.polityka.pl\/adamczewski\/wp-json\/wp\/v2\/tags?post=9383"}],"curies":[{"name":"wp","href":"https:\/\/api.w.org\/{rel}","templated":true}]}}