
{"id":9392,"date":"2008-01-11T15:58:00","date_gmt":"2008-01-11T15:58:00","guid":{"rendered":"http:\/\/adamczewscy.pl\/?p=1431"},"modified":"2008-01-11T15:58:00","modified_gmt":"2008-01-11T15:58:00","slug":"chlodnik-z-lebiodki","status":"publish","type":"post","link":"https:\/\/blog.polityka.pl\/adamczewski\/2008\/01\/11\/chlodnik-z-lebiodki\/","title":{"rendered":"Ch\u0142odnik z lebiodki"},"content":{"rendered":"<p>3 \u0142y\u017cki zielonych listk\u00f3w lebiodki (czyli oregano), 3 z\u0105bki czosnku, s\u00f3l, ocet winny, oliwa z oliwek, 30 dag mi\u0105\u017cszu bia\u0142ego chleba, 2 pomidory, 2 og\u00f3rki, 1 papryka czerwona, 1 papryka zielona, 1 papryka \u017c\u00f3\u0142ta<\/p>\n<p>Posieka\u0107 drobno umyte listki lebiodki. Czosnek obra\u0107, posieka\u0107 i rozetrze\u0107 z sol\u0105. Ucieraj\u0105c dodawa\u0107 posiekan\u0105 lebiodk\u0119. Gdy powstanie g\u0142adki, zielony krem, doda\u0107 zimnej wody i 2 \u0142y\u017cki octu winnego. Pokruszy\u0107 mi\u0105\u017csz chleba i w\u0142o\u017cy\u0107 do rozwodnionej masy. Gdy chleb nasi\u0105knie, wstawi\u0107 do lod\u00f3wki. Obra\u0107 og\u00f3rki i pomidory, papryki pozbawi\u0107 gniazd nasiennych, pokroi\u0107 i w\u0142o\u017cy\u0107 do wazy. Wyj\u0105\u0107 z lod\u00f3wki mas\u0119 lebiodkow\u0105 z chlebem i doda\u0107 do wazy z posiekanymi warzywami. Wymiesza\u0107. Mo\u017cna doda\u0107 kostki lodu.<\/p>\n","protected":false},"excerpt":{"rendered":"<p>3 \u0142y\u017cki zielonych listk\u00f3w lebiodki (czyli oregano), 3 z\u0105bki czosnku, s\u00f3l, ocet winny, oliwa z oliwek, 30 dag mi\u0105\u017cszu bia\u0142ego chleba, 2 pomidory, 2 og\u00f3rki, 1 papryka czerwona, 1 papryka zielona, 1 papryka \u017c\u00f3\u0142ta Posieka\u0107 drobno umyte listki lebiodki. Czosnek obra\u0107, posieka\u0107 i rozetrze\u0107 z sol\u0105. Ucieraj\u0105c dodawa\u0107 posiekan\u0105 lebiodk\u0119. Gdy powstanie g\u0142adki, zielony krem, [&hellip;]<\/p>\n","protected":false},"author":2,"featured_media":0,"comment_status":"open","ping_status":"open","sticky":false,"template":"","format":"standard","meta":{"footnotes":""},"categories":[1],"tags":[],"_links":{"self":[{"href":"https:\/\/blog.polityka.pl\/adamczewski\/wp-json\/wp\/v2\/posts\/9392"}],"collection":[{"href":"https:\/\/blog.polityka.pl\/adamczewski\/wp-json\/wp\/v2\/posts"}],"about":[{"href":"https:\/\/blog.polityka.pl\/adamczewski\/wp-json\/wp\/v2\/types\/post"}],"author":[{"embeddable":true,"href":"https:\/\/blog.polityka.pl\/adamczewski\/wp-json\/wp\/v2\/users\/2"}],"replies":[{"embeddable":true,"href":"https:\/\/blog.polityka.pl\/adamczewski\/wp-json\/wp\/v2\/comments?post=9392"}],"version-history":[{"count":0,"href":"https:\/\/blog.polityka.pl\/adamczewski\/wp-json\/wp\/v2\/posts\/9392\/revisions"}],"wp:attachment":[{"href":"https:\/\/blog.polityka.pl\/adamczewski\/wp-json\/wp\/v2\/media?parent=9392"}],"wp:term":[{"taxonomy":"category","embeddable":true,"href":"https:\/\/blog.polityka.pl\/adamczewski\/wp-json\/wp\/v2\/categories?post=9392"},{"taxonomy":"post_tag","embeddable":true,"href":"https:\/\/blog.polityka.pl\/adamczewski\/wp-json\/wp\/v2\/tags?post=9392"}],"curies":[{"name":"wp","href":"https:\/\/api.w.org\/{rel}","templated":true}]}}