
{"id":9397,"date":"2008-01-11T15:58:00","date_gmt":"2008-01-11T15:58:00","guid":{"rendered":"http:\/\/adamczewscy.pl\/?p=1436"},"modified":"2008-01-11T15:58:00","modified_gmt":"2008-01-11T15:58:00","slug":"surowka-z-chrzanu","status":"publish","type":"post","link":"https:\/\/blog.polityka.pl\/adamczewski\/2008\/01\/11\/surowka-z-chrzanu\/","title":{"rendered":"Sur\u00f3wka z chrzanu"},"content":{"rendered":"<p>1 szklanka startego chrzanu, 2 g\u0142\u00f3wki czosnku, 1 soczyste jab\u0142ko, 1 \u0142y\u017ceczka miodu, 2 \u0142y\u017cki soku z cytryny, 2 \u0142y\u017cki \u015bmietany, s\u00f3l<\/p>\n<p>Wymiesza\u0107 tarty chrzan z drobno posiekanym czosnkiem, skropi\u0107 jedn\u0105 \u0142y\u017ck\u0105 soku z cytryny i w\u0142o\u017cy\u0107 do s\u0142oika z zakr\u0119tk\u0105. Wstawi\u0107 na noc do lod\u00f3wki. Obra\u0107 jab\u0142ko, wyj\u0105\u0107 gniazdo nasienne, zetrze\u0107 na tarce i skropi\u0107 reszt\u0105 soku z cytryny. Wymiesza\u0107 ze sch\u0142odzonym chrzanem. Doprawi\u0107 sol\u0105, miodem i \u015bmietan\u0105. Jeszcze raz sch\u0142odzi\u0107. Podawa\u0107 do w\u0119dlin.<\/p>\n","protected":false},"excerpt":{"rendered":"<p>1 szklanka startego chrzanu, 2 g\u0142\u00f3wki czosnku, 1 soczyste jab\u0142ko, 1 \u0142y\u017ceczka miodu, 2 \u0142y\u017cki soku z cytryny, 2 \u0142y\u017cki \u015bmietany, s\u00f3l Wymiesza\u0107 tarty chrzan z drobno posiekanym czosnkiem, skropi\u0107 jedn\u0105 \u0142y\u017ck\u0105 soku z cytryny i w\u0142o\u017cy\u0107 do s\u0142oika z zakr\u0119tk\u0105. Wstawi\u0107 na noc do lod\u00f3wki. Obra\u0107 jab\u0142ko, wyj\u0105\u0107 gniazdo nasienne, zetrze\u0107 na tarce i [&hellip;]<\/p>\n","protected":false},"author":2,"featured_media":0,"comment_status":"open","ping_status":"open","sticky":false,"template":"","format":"standard","meta":{"footnotes":""},"categories":[1],"tags":[],"_links":{"self":[{"href":"https:\/\/blog.polityka.pl\/adamczewski\/wp-json\/wp\/v2\/posts\/9397"}],"collection":[{"href":"https:\/\/blog.polityka.pl\/adamczewski\/wp-json\/wp\/v2\/posts"}],"about":[{"href":"https:\/\/blog.polityka.pl\/adamczewski\/wp-json\/wp\/v2\/types\/post"}],"author":[{"embeddable":true,"href":"https:\/\/blog.polityka.pl\/adamczewski\/wp-json\/wp\/v2\/users\/2"}],"replies":[{"embeddable":true,"href":"https:\/\/blog.polityka.pl\/adamczewski\/wp-json\/wp\/v2\/comments?post=9397"}],"version-history":[{"count":0,"href":"https:\/\/blog.polityka.pl\/adamczewski\/wp-json\/wp\/v2\/posts\/9397\/revisions"}],"wp:attachment":[{"href":"https:\/\/blog.polityka.pl\/adamczewski\/wp-json\/wp\/v2\/media?parent=9397"}],"wp:term":[{"taxonomy":"category","embeddable":true,"href":"https:\/\/blog.polityka.pl\/adamczewski\/wp-json\/wp\/v2\/categories?post=9397"},{"taxonomy":"post_tag","embeddable":true,"href":"https:\/\/blog.polityka.pl\/adamczewski\/wp-json\/wp\/v2\/tags?post=9397"}],"curies":[{"name":"wp","href":"https:\/\/api.w.org\/{rel}","templated":true}]}}