
{"id":9402,"date":"2008-01-11T15:58:00","date_gmt":"2008-01-11T15:58:00","guid":{"rendered":"http:\/\/adamczewscy.pl\/?p=1441"},"modified":"2008-01-11T15:58:00","modified_gmt":"2008-01-11T15:58:00","slug":"pasta-z-awokado-i-rukwi","status":"publish","type":"post","link":"https:\/\/blog.polityka.pl\/adamczewski\/2008\/01\/11\/pasta-z-awokado-i-rukwi\/","title":{"rendered":"Pasta z awokado i rukwi"},"content":{"rendered":"<p>1 awokado, 1 \u0142y\u017cka soku z cytryny, otarta sk\u00f3rka z cz\u0119\u015bci cytryny, 1 szklanka rukwi, 2 z\u0105bki czosnku, 1 kieliszek bia\u0142ego wytrawnego wina, s\u00f3l, pieprz<\/p>\n<p>Usun\u0105\u0107 z awokado pestk\u0119, mi\u0105\u017csz pokroi\u0107. Skropi\u0107 sokiem. Zmiksowa\u0107 wszystkie sk\u0142adniki na g\u0142adk\u0105 past\u0119. Sch\u0142odzi\u0107.<\/p>\n","protected":false},"excerpt":{"rendered":"<p>1 awokado, 1 \u0142y\u017cka soku z cytryny, otarta sk\u00f3rka z cz\u0119\u015bci cytryny, 1 szklanka rukwi, 2 z\u0105bki czosnku, 1 kieliszek bia\u0142ego wytrawnego wina, s\u00f3l, pieprz Usun\u0105\u0107 z awokado pestk\u0119, mi\u0105\u017csz pokroi\u0107. Skropi\u0107 sokiem. Zmiksowa\u0107 wszystkie sk\u0142adniki na g\u0142adk\u0105 past\u0119. Sch\u0142odzi\u0107.<\/p>\n","protected":false},"author":2,"featured_media":0,"comment_status":"open","ping_status":"open","sticky":false,"template":"","format":"standard","meta":{"footnotes":""},"categories":[1],"tags":[],"_links":{"self":[{"href":"https:\/\/blog.polityka.pl\/adamczewski\/wp-json\/wp\/v2\/posts\/9402"}],"collection":[{"href":"https:\/\/blog.polityka.pl\/adamczewski\/wp-json\/wp\/v2\/posts"}],"about":[{"href":"https:\/\/blog.polityka.pl\/adamczewski\/wp-json\/wp\/v2\/types\/post"}],"author":[{"embeddable":true,"href":"https:\/\/blog.polityka.pl\/adamczewski\/wp-json\/wp\/v2\/users\/2"}],"replies":[{"embeddable":true,"href":"https:\/\/blog.polityka.pl\/adamczewski\/wp-json\/wp\/v2\/comments?post=9402"}],"version-history":[{"count":0,"href":"https:\/\/blog.polityka.pl\/adamczewski\/wp-json\/wp\/v2\/posts\/9402\/revisions"}],"wp:attachment":[{"href":"https:\/\/blog.polityka.pl\/adamczewski\/wp-json\/wp\/v2\/media?parent=9402"}],"wp:term":[{"taxonomy":"category","embeddable":true,"href":"https:\/\/blog.polityka.pl\/adamczewski\/wp-json\/wp\/v2\/categories?post=9402"},{"taxonomy":"post_tag","embeddable":true,"href":"https:\/\/blog.polityka.pl\/adamczewski\/wp-json\/wp\/v2\/tags?post=9402"}],"curies":[{"name":"wp","href":"https:\/\/api.w.org\/{rel}","templated":true}]}}