
{"id":9404,"date":"2008-01-11T15:58:00","date_gmt":"2008-01-11T15:58:00","guid":{"rendered":"http:\/\/adamczewscy.pl\/?p=1443"},"modified":"2008-01-11T15:58:00","modified_gmt":"2008-01-11T15:58:00","slug":"salatka-z-pokrzyw","status":"publish","type":"post","link":"https:\/\/blog.polityka.pl\/adamczewski\/2008\/01\/11\/salatka-z-pokrzyw\/","title":{"rendered":"Sa\u0142atka z pokrzyw"},"content":{"rendered":"<p>1\/2 kg pokrzyw, 3 z\u0105bki czosnku, 1 p\u0119czek li\u015bci szczawiu,<br \/>\n2 \u0142y\u017cki natki pietruszki, 2 \u0142y\u017cki koperku, 2 \u0142y\u017cki szczypiorku, 2 \u0142y\u017cki kolendry, 1 \u0142y\u017cka miodu, 2 \u0142y\u017cki octu winnego, s\u00f3l, pieprz<\/p>\n<p>Pokrzywy umy\u0107 i blanszowa\u0107 2-3 minuty w osolonym wrz\u0105tku. Odcedzi\u0107, przela\u0107 lodowat\u0105 wod\u0105 i ponownie odcedzi\u0107. Po osuszeniu pokrzywy i umyty szczaw posieka\u0107 ostrym no\u017cem w paski, zmiesza\u0107 z drobno posiekan\u0105 natk\u0105, kolendr\u0105, szczypiorkiem i koperkiem. Czosnek przecisn\u0105\u0107 przez prask\u0119 i zmiesza\u0107 z sol\u0105, pieprzem i miodem. Wla\u0107 ocet, wymiesza\u0107 i pola\u0107 sa\u0142atk\u0119.<\/p>\n","protected":false},"excerpt":{"rendered":"<p>1\/2 kg pokrzyw, 3 z\u0105bki czosnku, 1 p\u0119czek li\u015bci szczawiu, 2 \u0142y\u017cki natki pietruszki, 2 \u0142y\u017cki koperku, 2 \u0142y\u017cki szczypiorku, 2 \u0142y\u017cki kolendry, 1 \u0142y\u017cka miodu, 2 \u0142y\u017cki octu winnego, s\u00f3l, pieprz Pokrzywy umy\u0107 i blanszowa\u0107 2-3 minuty w osolonym wrz\u0105tku. Odcedzi\u0107, przela\u0107 lodowat\u0105 wod\u0105 i ponownie odcedzi\u0107. Po osuszeniu pokrzywy i umyty szczaw posieka\u0107 [&hellip;]<\/p>\n","protected":false},"author":2,"featured_media":0,"comment_status":"open","ping_status":"open","sticky":false,"template":"","format":"standard","meta":{"footnotes":""},"categories":[1],"tags":[],"_links":{"self":[{"href":"https:\/\/blog.polityka.pl\/adamczewski\/wp-json\/wp\/v2\/posts\/9404"}],"collection":[{"href":"https:\/\/blog.polityka.pl\/adamczewski\/wp-json\/wp\/v2\/posts"}],"about":[{"href":"https:\/\/blog.polityka.pl\/adamczewski\/wp-json\/wp\/v2\/types\/post"}],"author":[{"embeddable":true,"href":"https:\/\/blog.polityka.pl\/adamczewski\/wp-json\/wp\/v2\/users\/2"}],"replies":[{"embeddable":true,"href":"https:\/\/blog.polityka.pl\/adamczewski\/wp-json\/wp\/v2\/comments?post=9404"}],"version-history":[{"count":0,"href":"https:\/\/blog.polityka.pl\/adamczewski\/wp-json\/wp\/v2\/posts\/9404\/revisions"}],"wp:attachment":[{"href":"https:\/\/blog.polityka.pl\/adamczewski\/wp-json\/wp\/v2\/media?parent=9404"}],"wp:term":[{"taxonomy":"category","embeddable":true,"href":"https:\/\/blog.polityka.pl\/adamczewski\/wp-json\/wp\/v2\/categories?post=9404"},{"taxonomy":"post_tag","embeddable":true,"href":"https:\/\/blog.polityka.pl\/adamczewski\/wp-json\/wp\/v2\/tags?post=9404"}],"curies":[{"name":"wp","href":"https:\/\/api.w.org\/{rel}","templated":true}]}}