
{"id":9410,"date":"2008-01-11T15:58:00","date_gmt":"2008-01-11T15:58:00","guid":{"rendered":"http:\/\/adamczewscy.pl\/?p=1449"},"modified":"2008-01-11T15:58:00","modified_gmt":"2008-01-11T15:58:00","slug":"napoj-buraczany","status":"publish","type":"post","link":"https:\/\/blog.polityka.pl\/adamczewski\/2008\/01\/11\/napoj-buraczany\/","title":{"rendered":"Nap\u00f3j buraczany"},"content":{"rendered":"<p>10 dag burak\u00f3w, 2 z\u0105bki czosnku, s\u00f3l, cukier, zielony koperek, sk\u00f3rka z chleba <\/p>\n<p>Obrane i umyte buraki pokroi\u0107 w plasterki, w\u0142o\u017cy\u0107 do glinianego garnka, zala\u0107 przegotowan\u0105 lekko ciep\u0142\u0105 wod\u0105, doda\u0107 czosnek, sk\u00f3rk\u0119 chleba, przykry\u0107 i odstawi\u0107 w ciep\u0142e miejsce. Po 2-3 dniach, gdy si\u0119 ukisz\u0105, przecedzi\u0107, sok pos\u0142odzi\u0107, posoli\u0107 do smaku i doda\u0107 drobno posiekany koperek. Sch\u0142odzi\u0107.<\/p>\n","protected":false},"excerpt":{"rendered":"<p>10 dag burak\u00f3w, 2 z\u0105bki czosnku, s\u00f3l, cukier, zielony koperek, sk\u00f3rka z chleba Obrane i umyte buraki pokroi\u0107 w plasterki, w\u0142o\u017cy\u0107 do glinianego garnka, zala\u0107 przegotowan\u0105 lekko ciep\u0142\u0105 wod\u0105, doda\u0107 czosnek, sk\u00f3rk\u0119 chleba, przykry\u0107 i odstawi\u0107 w ciep\u0142e miejsce. Po 2-3 dniach, gdy si\u0119 ukisz\u0105, przecedzi\u0107, sok pos\u0142odzi\u0107, posoli\u0107 do smaku i doda\u0107 drobno posiekany [&hellip;]<\/p>\n","protected":false},"author":2,"featured_media":0,"comment_status":"open","ping_status":"open","sticky":false,"template":"","format":"standard","meta":{"footnotes":""},"categories":[1],"tags":[],"_links":{"self":[{"href":"https:\/\/blog.polityka.pl\/adamczewski\/wp-json\/wp\/v2\/posts\/9410"}],"collection":[{"href":"https:\/\/blog.polityka.pl\/adamczewski\/wp-json\/wp\/v2\/posts"}],"about":[{"href":"https:\/\/blog.polityka.pl\/adamczewski\/wp-json\/wp\/v2\/types\/post"}],"author":[{"embeddable":true,"href":"https:\/\/blog.polityka.pl\/adamczewski\/wp-json\/wp\/v2\/users\/2"}],"replies":[{"embeddable":true,"href":"https:\/\/blog.polityka.pl\/adamczewski\/wp-json\/wp\/v2\/comments?post=9410"}],"version-history":[{"count":0,"href":"https:\/\/blog.polityka.pl\/adamczewski\/wp-json\/wp\/v2\/posts\/9410\/revisions"}],"wp:attachment":[{"href":"https:\/\/blog.polityka.pl\/adamczewski\/wp-json\/wp\/v2\/media?parent=9410"}],"wp:term":[{"taxonomy":"category","embeddable":true,"href":"https:\/\/blog.polityka.pl\/adamczewski\/wp-json\/wp\/v2\/categories?post=9410"},{"taxonomy":"post_tag","embeddable":true,"href":"https:\/\/blog.polityka.pl\/adamczewski\/wp-json\/wp\/v2\/tags?post=9410"}],"curies":[{"name":"wp","href":"https:\/\/api.w.org\/{rel}","templated":true}]}}