
{"id":9411,"date":"2008-01-11T15:58:00","date_gmt":"2008-01-11T15:58:00","guid":{"rendered":"http:\/\/adamczewscy.pl\/?p=1450"},"modified":"2008-01-11T15:58:00","modified_gmt":"2008-01-11T15:58:00","slug":"sorbet-cytrynowy","status":"publish","type":"post","link":"https:\/\/blog.polityka.pl\/adamczewski\/2008\/01\/11\/sorbet-cytrynowy\/","title":{"rendered":"Sorbet cytrynowy"},"content":{"rendered":"<p>8 cytryn, 25 dag cukru, 1\/2 l wody, 1 bia\u0142ko<\/p>\n<p>Cytryny sparzy\u0107 wrz\u0105tkiem. \u008cci\u0105\u0107 sk\u00f3rk\u0119 i bardzo drobno j\u0105 posieka\u0107. Wycisn\u0105\u0107 sok z wszystkich cytryn. Zagotowa\u0107 wod\u0119 z cukrem, wrzuci\u0107 do wrz\u0105tku sk\u00f3rki z cytryn i gotowa\u0107 5 minut. P\u0142yn wystudzi\u0107. Ubi\u0107 na sztywno pian\u0119 z bia\u0142ka. Syrop, pian\u0119 i sok cytrynowy wymiesza\u0107 i wstawi\u0107 na noc do zamra\u017calnika. Po wyj\u0119ciu przed podaniem skruszy\u0107 i utrze\u0107 w mikserze. Przybra\u0107 mi\u0119t\u0105.<\/p>\n","protected":false},"excerpt":{"rendered":"<p>8 cytryn, 25 dag cukru, 1\/2 l wody, 1 bia\u0142ko Cytryny sparzy\u0107 wrz\u0105tkiem. \u008cci\u0105\u0107 sk\u00f3rk\u0119 i bardzo drobno j\u0105 posieka\u0107. Wycisn\u0105\u0107 sok z wszystkich cytryn. Zagotowa\u0107 wod\u0119 z cukrem, wrzuci\u0107 do wrz\u0105tku sk\u00f3rki z cytryn i gotowa\u0107 5 minut. P\u0142yn wystudzi\u0107. Ubi\u0107 na sztywno pian\u0119 z bia\u0142ka. Syrop, pian\u0119 i sok cytrynowy wymiesza\u0107 i wstawi\u0107 [&hellip;]<\/p>\n","protected":false},"author":2,"featured_media":0,"comment_status":"open","ping_status":"open","sticky":false,"template":"","format":"standard","meta":{"footnotes":""},"categories":[1],"tags":[],"_links":{"self":[{"href":"https:\/\/blog.polityka.pl\/adamczewski\/wp-json\/wp\/v2\/posts\/9411"}],"collection":[{"href":"https:\/\/blog.polityka.pl\/adamczewski\/wp-json\/wp\/v2\/posts"}],"about":[{"href":"https:\/\/blog.polityka.pl\/adamczewski\/wp-json\/wp\/v2\/types\/post"}],"author":[{"embeddable":true,"href":"https:\/\/blog.polityka.pl\/adamczewski\/wp-json\/wp\/v2\/users\/2"}],"replies":[{"embeddable":true,"href":"https:\/\/blog.polityka.pl\/adamczewski\/wp-json\/wp\/v2\/comments?post=9411"}],"version-history":[{"count":0,"href":"https:\/\/blog.polityka.pl\/adamczewski\/wp-json\/wp\/v2\/posts\/9411\/revisions"}],"wp:attachment":[{"href":"https:\/\/blog.polityka.pl\/adamczewski\/wp-json\/wp\/v2\/media?parent=9411"}],"wp:term":[{"taxonomy":"category","embeddable":true,"href":"https:\/\/blog.polityka.pl\/adamczewski\/wp-json\/wp\/v2\/categories?post=9411"},{"taxonomy":"post_tag","embeddable":true,"href":"https:\/\/blog.polityka.pl\/adamczewski\/wp-json\/wp\/v2\/tags?post=9411"}],"curies":[{"name":"wp","href":"https:\/\/api.w.org\/{rel}","templated":true}]}}