
{"id":9417,"date":"2008-01-11T15:58:00","date_gmt":"2008-01-11T15:58:00","guid":{"rendered":"http:\/\/adamczewscy.pl\/?p=1456"},"modified":"2008-01-11T15:58:00","modified_gmt":"2008-01-11T15:58:00","slug":"jablka-ze-sliwkami","status":"publish","type":"post","link":"https:\/\/blog.polityka.pl\/adamczewski\/2008\/01\/11\/jablka-ze-sliwkami\/","title":{"rendered":"Jab\u0142ka ze \u015bliwkami"},"content":{"rendered":"<p>10 dag jab\u0142ek, 3 dag suszonych \u015bliwek, 1 \u0142y\u017ceczka cukru,<br \/>\n2 \u0142y\u017cki mleka, sk\u00f3rka pomara\u0144czowa<\/p>\n<p>\u008cliwki namoczy\u0107 w przegotowanej wodzie, pozbawi\u0107 pestek i pokroi\u0107 w paski. Obrane jab\u0142ka bez gniazd nasiennych zetrze\u0107 na tarce. Doda\u0107 do zmieszanych jab\u0142ek i \u015bliwek start\u0105 sk\u00f3rk\u0119 pomara\u0144czow\u0105 oraz cukier i mleko. Wymiesza\u0107. Sch\u0142odzi\u0107.<\/p>\n","protected":false},"excerpt":{"rendered":"<p>10 dag jab\u0142ek, 3 dag suszonych \u015bliwek, 1 \u0142y\u017ceczka cukru, 2 \u0142y\u017cki mleka, sk\u00f3rka pomara\u0144czowa \u008cliwki namoczy\u0107 w przegotowanej wodzie, pozbawi\u0107 pestek i pokroi\u0107 w paski. Obrane jab\u0142ka bez gniazd nasiennych zetrze\u0107 na tarce. Doda\u0107 do zmieszanych jab\u0142ek i \u015bliwek start\u0105 sk\u00f3rk\u0119 pomara\u0144czow\u0105 oraz cukier i mleko. Wymiesza\u0107. Sch\u0142odzi\u0107.<\/p>\n","protected":false},"author":2,"featured_media":0,"comment_status":"open","ping_status":"open","sticky":false,"template":"","format":"standard","meta":{"footnotes":""},"categories":[1],"tags":[],"_links":{"self":[{"href":"https:\/\/blog.polityka.pl\/adamczewski\/wp-json\/wp\/v2\/posts\/9417"}],"collection":[{"href":"https:\/\/blog.polityka.pl\/adamczewski\/wp-json\/wp\/v2\/posts"}],"about":[{"href":"https:\/\/blog.polityka.pl\/adamczewski\/wp-json\/wp\/v2\/types\/post"}],"author":[{"embeddable":true,"href":"https:\/\/blog.polityka.pl\/adamczewski\/wp-json\/wp\/v2\/users\/2"}],"replies":[{"embeddable":true,"href":"https:\/\/blog.polityka.pl\/adamczewski\/wp-json\/wp\/v2\/comments?post=9417"}],"version-history":[{"count":0,"href":"https:\/\/blog.polityka.pl\/adamczewski\/wp-json\/wp\/v2\/posts\/9417\/revisions"}],"wp:attachment":[{"href":"https:\/\/blog.polityka.pl\/adamczewski\/wp-json\/wp\/v2\/media?parent=9417"}],"wp:term":[{"taxonomy":"category","embeddable":true,"href":"https:\/\/blog.polityka.pl\/adamczewski\/wp-json\/wp\/v2\/categories?post=9417"},{"taxonomy":"post_tag","embeddable":true,"href":"https:\/\/blog.polityka.pl\/adamczewski\/wp-json\/wp\/v2\/tags?post=9417"}],"curies":[{"name":"wp","href":"https:\/\/api.w.org\/{rel}","templated":true}]}}