
{"id":9423,"date":"2008-01-11T15:58:00","date_gmt":"2008-01-11T15:58:00","guid":{"rendered":"http:\/\/adamczewscy.pl\/?p=1467"},"modified":"2008-01-11T15:58:00","modified_gmt":"2008-01-11T15:58:00","slug":"udka-kurczaka-z-miodem-i-tabasco","status":"publish","type":"post","link":"https:\/\/blog.polityka.pl\/adamczewski\/2008\/01\/11\/udka-kurczaka-z-miodem-i-tabasco\/","title":{"rendered":"Udka kurczaka z miodem i tabasco"},"content":{"rendered":"<p>4 udka kurczaka ze sk\u00f3rk\u0105, zielony sos tabasco, czerwony sos tabasco, 1\/4 szklanki miodu, 3 \u0142y\u017cki octu balsamicznego, 2 \u0142y\u017cki oliwy, s\u00f3l, pieprz <\/p>\n<p>Umyte udka natrze\u0107 sol\u0105, pieprzem i czerwonym tabasco. Odstawi\u0107. Wymiesza\u0107 mi\u00f3d z octem, oliw\u0105 i zielonym tabasco. Na rozgrzanym grillu postawi\u0107 specjaln\u0105 aluminiow\u0105 tack\u0119, nasmarowa\u0107 j\u0105 oliw\u0105 i u\u0142o\u017cy\u0107 udka polane miodem z przyprawami. W czasie pieczenia polewa\u0107 je wytwarzaj\u0105cym si\u0119 sosem i kilka razy obr\u00f3ci\u0107. Brak p\u0142ynu  uzupe\u0142ni\u0107 bia\u0142ym winem. Piec oko\u0142o 25 minut.<\/p>\n","protected":false},"excerpt":{"rendered":"<p>4 udka kurczaka ze sk\u00f3rk\u0105, zielony sos tabasco, czerwony sos tabasco, 1\/4 szklanki miodu, 3 \u0142y\u017cki octu balsamicznego, 2 \u0142y\u017cki oliwy, s\u00f3l, pieprz Umyte udka natrze\u0107 sol\u0105, pieprzem i czerwonym tabasco. Odstawi\u0107. Wymiesza\u0107 mi\u00f3d z octem, oliw\u0105 i zielonym tabasco. Na rozgrzanym grillu postawi\u0107 specjaln\u0105 aluminiow\u0105 tack\u0119, nasmarowa\u0107 j\u0105 oliw\u0105 i u\u0142o\u017cy\u0107 udka polane miodem [&hellip;]<\/p>\n","protected":false},"author":2,"featured_media":0,"comment_status":"open","ping_status":"open","sticky":false,"template":"","format":"standard","meta":{"footnotes":""},"categories":[1],"tags":[],"_links":{"self":[{"href":"https:\/\/blog.polityka.pl\/adamczewski\/wp-json\/wp\/v2\/posts\/9423"}],"collection":[{"href":"https:\/\/blog.polityka.pl\/adamczewski\/wp-json\/wp\/v2\/posts"}],"about":[{"href":"https:\/\/blog.polityka.pl\/adamczewski\/wp-json\/wp\/v2\/types\/post"}],"author":[{"embeddable":true,"href":"https:\/\/blog.polityka.pl\/adamczewski\/wp-json\/wp\/v2\/users\/2"}],"replies":[{"embeddable":true,"href":"https:\/\/blog.polityka.pl\/adamczewski\/wp-json\/wp\/v2\/comments?post=9423"}],"version-history":[{"count":0,"href":"https:\/\/blog.polityka.pl\/adamczewski\/wp-json\/wp\/v2\/posts\/9423\/revisions"}],"wp:attachment":[{"href":"https:\/\/blog.polityka.pl\/adamczewski\/wp-json\/wp\/v2\/media?parent=9423"}],"wp:term":[{"taxonomy":"category","embeddable":true,"href":"https:\/\/blog.polityka.pl\/adamczewski\/wp-json\/wp\/v2\/categories?post=9423"},{"taxonomy":"post_tag","embeddable":true,"href":"https:\/\/blog.polityka.pl\/adamczewski\/wp-json\/wp\/v2\/tags?post=9423"}],"curies":[{"name":"wp","href":"https:\/\/api.w.org\/{rel}","templated":true}]}}